{"id":2669,"date":"2024-05-23T14:24:28","date_gmt":"2024-05-23T20:24:28","guid":{"rendered":"http:\/\/lared.news\/?p=2669"},"modified":"2024-05-23T14:24:28","modified_gmt":"2024-05-23T20:24:28","slug":"concluyen-ssp-e-ine-jornada-de-voto-anticipado-en-centros-penitenciarios","status":"publish","type":"post","link":"http:\/\/lared.news\/index.php\/2024\/05\/23\/concluyen-ssp-e-ine-jornada-de-voto-anticipado-en-centros-penitenciarios\/","title":{"rendered":"Concluyen SSP e INE jornada de voto anticipado en centros penitenciarios"},"content":{"rendered":"<p>CIUDAD DE PUEBLA, Pue.- La Secretar\u00eda de Seguridad P\u00fablica (SSP) y el Instituto Nacional Electoral (INE) concluyeron, de manera satisfactoria, la <strong>jornada electoral de voto anticipado para personas privadas de la libertad en los centros penitenciarios del estado<\/strong>.<\/p>\n<blockquote><p>La coordinaci\u00f3n entre ambas instituciones permiti\u00f3 que mil 570 personas que se encuentran en prisi\u00f3n preventiva, en 14 centros penitenciarios de Puebla, emitieran su sufragio para la elecci\u00f3n de Presidencia de la Rep\u00fablica.<\/p><\/blockquote>\n<p>En este proceso<strong> participaron mil 418 hombres y 152 mujeres<\/strong>, distribuidos en los centros de reinserci\u00f3n social estatales de Puebla, Tepexi de Rodr\u00edguez, Ciudad Serd\u00e1n y para Adultos Mayores.<\/p>\n<p>Asimismo, de <strong>los centros penitenciarios regionales de San Pedro Cholula, Huauchinango, Tehuac\u00e1n, Tecamachalco, Teziutl\u00e1n, Tecali de Herrera, Tetela de Ocampo, Tepeaca, Xicotepec de Ju\u00e1rez y Zacapoaxtla<\/strong>.<\/p>\n<p><strong>La jornada de voto anticipado se llev\u00f3 a cabo del 06 al 16 de mayo<\/strong> bajo la supervisi\u00f3n de observadores electorales y representantes de partidos pol\u00edticos.<\/p>\n","protected":false},"excerpt":{"rendered":"<p>CIUDAD DE PUEBLA, Pue.- La Secretar\u00eda de Seguridad P\u00fablica (SSP) y el Instituto Nacional Electoral<\/p>\n","protected":false},"author":2,"featured_media":2670,"comment_status":"open","ping_status":"open","sticky":false,"template":"","format":"standard","meta":{"footnotes":""},"categories":[7],"tags":[497,236,235,237],"class_list":["post-2669","post","type-post","status-publish","format-standard","has-post-thumbnail","hentry","category-mas-noticias","tag-centros-penitenciarios-de-puebla","tag-noticias-de-puebla","tag-puebla","tag-puebla-noticias"],"jetpack_featured_media_url":"http:\/\/lared.news\/wp-content\/uploads\/2024\/05\/penitencioarios-de-puebla.jpg","_links":{"self":[{"href":"http:\/\/lared.news\/index.php\/wp-json\/wp\/v2\/posts\/2669","targetHints":{"allow":["GET"]}}],"collection":[{"href":"http:\/\/lared.news\/index.php\/wp-json\/wp\/v2\/posts"}],"about":[{"href":"http:\/\/lared.news\/index.php\/wp-json\/wp\/v2\/types\/post"}],"author":[{"embeddable":true,"href":"http:\/\/lared.news\/index.php\/wp-json\/wp\/v2\/users\/2"}],"replies":[{"embeddable":true,"href":"http:\/\/lared.news\/index.php\/wp-json\/wp\/v2\/comments?post=2669"}],"version-history":[{"count":1,"href":"http:\/\/lared.news\/index.php\/wp-json\/wp\/v2\/posts\/2669\/revisions"}],"predecessor-version":[{"id":2671,"href":"http:\/\/lared.news\/index.php\/wp-json\/wp\/v2\/posts\/2669\/revisions\/2671"}],"wp:featuredmedia":[{"embeddable":true,"href":"http:\/\/lared.news\/index.php\/wp-json\/wp\/v2\/media\/2670"}],"wp:attachment":[{"href":"http:\/\/lared.news\/index.php\/wp-json\/wp\/v2\/media?parent=2669"}],"wp:term":[{"taxonomy":"category","embeddable":true,"href":"http:\/\/lared.news\/index.php\/wp-json\/wp\/v2\/categories?post=2669"},{"taxonomy":"post_tag","embeddable":true,"href":"http:\/\/lared.news\/index.php\/wp-json\/wp\/v2\/tags?post=2669"}],"curies":[{"name":"wp","href":"https:\/\/api.w.org\/{rel}","templated":true}]}}