{"id":2672,"date":"2024-05-23T14:37:04","date_gmt":"2024-05-23T20:37:04","guid":{"rendered":"http:\/\/lared.news\/?p=2672"},"modified":"2024-05-23T14:37:04","modified_gmt":"2024-05-23T20:37:04","slug":"obras-de-utileria-es-lo-que-dejo-el-gobierno-que-ya-se-va","status":"publish","type":"post","link":"http:\/\/lared.news\/index.php\/2024\/05\/23\/obras-de-utileria-es-lo-que-dejo-el-gobierno-que-ya-se-va\/","title":{"rendered":"Obras de utiler\u00eda es lo que dej\u00f3 el gobierno que ya se va"},"content":{"rendered":"<p>Atlixco, Puebla.- El candidato a la presidencia municipal, Benjam\u00edn Minutti, recorri\u00f3 el interior del mercado Ignacio Zaragoza para escuchar a comerciantes y compradores sobre la reciente remodelaci\u00f3n que se hizo en el lugar.<\/p>\n<blockquote><p>&#8220;Lamentablemente se utilizaron materiales de baja calidad. La pintura, las cortinas, las tarjas y la tuber\u00eda ya se est\u00e1n echando a perder&#8221; manifestaron locatarios ante el candidato del PAN y PRD.<\/p><\/blockquote>\n<p>Minutti se\u00f1al\u00f3 que la mala calidad de las obras es una constante del gobierno que est\u00e1 por concluir: &#8220;parecen obras de utiler\u00eda, un burdo montaje con fines electorales pero que no tiene un beneficio real para los atlixquenses. La obras que se hicieron fueron caras y tristemente no durar\u00e1n m\u00e1s de un par de a\u00f1os&#8221;.<\/p>\n<p>Finalmente el candidato ciudadano hizo el compromiso de poner en marcha un plan de reactivaci\u00f3n econ\u00f3mica en este mercado pues actualmente luce semidesierto.<\/p>\n","protected":false},"excerpt":{"rendered":"<p>Atlixco, Puebla.- El candidato a la presidencia municipal, Benjam\u00edn Minutti, recorri\u00f3 el interior del mercado<\/p>\n","protected":false},"author":2,"featured_media":2673,"comment_status":"open","ping_status":"open","sticky":false,"template":"","format":"standard","meta":{"footnotes":""},"categories":[5],"tags":[222,223,1216,1296,224],"class_list":["post-2672","post","type-post","status-publish","format-standard","has-post-thumbnail","hentry","category-atlixco","tag-atlixco","tag-atlixco-noticias","tag-benjamin-minutti","tag-mercado-ignacio-zaragoza-atlixco","tag-noticias-de-atlixco"],"jetpack_featured_media_url":"http:\/\/lared.news\/wp-content\/uploads\/2024\/05\/mercado-Ignacio-Zaragoza-atlixco.jpg","_links":{"self":[{"href":"http:\/\/lared.news\/index.php\/wp-json\/wp\/v2\/posts\/2672","targetHints":{"allow":["GET"]}}],"collection":[{"href":"http:\/\/lared.news\/index.php\/wp-json\/wp\/v2\/posts"}],"about":[{"href":"http:\/\/lared.news\/index.php\/wp-json\/wp\/v2\/types\/post"}],"author":[{"embeddable":true,"href":"http:\/\/lared.news\/index.php\/wp-json\/wp\/v2\/users\/2"}],"replies":[{"embeddable":true,"href":"http:\/\/lared.news\/index.php\/wp-json\/wp\/v2\/comments?post=2672"}],"version-history":[{"count":1,"href":"http:\/\/lared.news\/index.php\/wp-json\/wp\/v2\/posts\/2672\/revisions"}],"predecessor-version":[{"id":2674,"href":"http:\/\/lared.news\/index.php\/wp-json\/wp\/v2\/posts\/2672\/revisions\/2674"}],"wp:featuredmedia":[{"embeddable":true,"href":"http:\/\/lared.news\/index.php\/wp-json\/wp\/v2\/media\/2673"}],"wp:attachment":[{"href":"http:\/\/lared.news\/index.php\/wp-json\/wp\/v2\/media?parent=2672"}],"wp:term":[{"taxonomy":"category","embeddable":true,"href":"http:\/\/lared.news\/index.php\/wp-json\/wp\/v2\/categories?post=2672"},{"taxonomy":"post_tag","embeddable":true,"href":"http:\/\/lared.news\/index.php\/wp-json\/wp\/v2\/tags?post=2672"}],"curies":[{"name":"wp","href":"https:\/\/api.w.org\/{rel}","templated":true}]}}