{"id":2701,"date":"2024-05-30T11:33:05","date_gmt":"2024-05-30T17:33:05","guid":{"rendered":"http:\/\/lared.news\/?p=2701"},"modified":"2024-06-05T11:35:38","modified_gmt":"2024-06-05T17:35:38","slug":"casa-de-cultura-atlixco-te-invita-a-formar-parte-de-la-compania-de-danza-folclorica-acapetlahuacan","status":"publish","type":"post","link":"http:\/\/lared.news\/index.php\/2024\/05\/30\/casa-de-cultura-atlixco-te-invita-a-formar-parte-de-la-compania-de-danza-folclorica-acapetlahuacan\/","title":{"rendered":"Casa de Cultura Atlixco te invita a formar parte de la compa\u00f1\u00eda de danza folcl\u00f3rica, Acapetlahuacan"},"content":{"rendered":"<p>Atlixco, Puebla.- La Jefatura de Cultura y Tradiciones invita a formar parte de la Compa\u00f1\u00eda de Danza Folcl\u00f3rica, Acapetlahuacan, asiste a las instalaciones de Casa de Cultura en avenida del Trabajo 1301, colonia El Carmen, de lunes a viernes de 8 de la ma\u00f1ana a 4 de la tarde.<\/p>\n<p>La invitaci\u00f3n est\u00e1 abierta para ni\u00f1as y ni\u00f1os de 12 a\u00f1os en adelante, as\u00ed como personas adultas con gran inter\u00e9s, habilidad y gusto por este tipo de manifestaciones que expresan la identidad mexicana. Para mayores informes, las y los interesados pueden llamar al 244-445-5212.<\/p>\n<p>La danza, ayuda a fomentar las relaciones sociales, aliviar el estr\u00e9s y ansiedad, adem\u00e1s de fortalecer el cuerpo, la memoria y salud mental. Participa y forma parte del legado e historia para rescatar las tradiciones y el patrimonio cultural.<\/p>\n","protected":false},"excerpt":{"rendered":"<p>Atlixco, Puebla.- La Jefatura de Cultura y Tradiciones invita a formar parte de la Compa\u00f1\u00eda<\/p>\n","protected":false},"author":2,"featured_media":2702,"comment_status":"open","ping_status":"open","sticky":false,"template":"","format":"standard","meta":{"footnotes":""},"categories":[5],"tags":[1088,1313],"class_list":["post-2701","post","type-post","status-publish","format-standard","has-post-thumbnail","hentry","category-atlixco","tag-acapetlahuacan","tag-casa-de-cultura-atlixco"],"jetpack_featured_media_url":"http:\/\/lared.news\/wp-content\/uploads\/2024\/06\/danza-folclorica-Acapetlahuacan.jpg","_links":{"self":[{"href":"http:\/\/lared.news\/index.php\/wp-json\/wp\/v2\/posts\/2701","targetHints":{"allow":["GET"]}}],"collection":[{"href":"http:\/\/lared.news\/index.php\/wp-json\/wp\/v2\/posts"}],"about":[{"href":"http:\/\/lared.news\/index.php\/wp-json\/wp\/v2\/types\/post"}],"author":[{"embeddable":true,"href":"http:\/\/lared.news\/index.php\/wp-json\/wp\/v2\/users\/2"}],"replies":[{"embeddable":true,"href":"http:\/\/lared.news\/index.php\/wp-json\/wp\/v2\/comments?post=2701"}],"version-history":[{"count":1,"href":"http:\/\/lared.news\/index.php\/wp-json\/wp\/v2\/posts\/2701\/revisions"}],"predecessor-version":[{"id":2703,"href":"http:\/\/lared.news\/index.php\/wp-json\/wp\/v2\/posts\/2701\/revisions\/2703"}],"wp:featuredmedia":[{"embeddable":true,"href":"http:\/\/lared.news\/index.php\/wp-json\/wp\/v2\/media\/2702"}],"wp:attachment":[{"href":"http:\/\/lared.news\/index.php\/wp-json\/wp\/v2\/media?parent=2701"}],"wp:term":[{"taxonomy":"category","embeddable":true,"href":"http:\/\/lared.news\/index.php\/wp-json\/wp\/v2\/categories?post=2701"},{"taxonomy":"post_tag","embeddable":true,"href":"http:\/\/lared.news\/index.php\/wp-json\/wp\/v2\/tags?post=2701"}],"curies":[{"name":"wp","href":"https:\/\/api.w.org\/{rel}","templated":true}]}}