{"id":2765,"date":"2024-06-26T14:39:36","date_gmt":"2024-06-26T20:39:36","guid":{"rendered":"http:\/\/lared.news\/?p=2765"},"modified":"2024-06-26T14:39:36","modified_gmt":"2024-06-26T20:39:36","slug":"mas-de-8-mil-camaras-conforman-red-de-videovigilancia-estatal-ssp","status":"publish","type":"post","link":"http:\/\/lared.news\/index.php\/2024\/06\/26\/mas-de-8-mil-camaras-conforman-red-de-videovigilancia-estatal-ssp\/","title":{"rendered":"M\u00e1s de 8 mil c\u00e1maras conforman red de videovigilancia estatal: SSP"},"content":{"rendered":"<p>CUAUTLANCINGO, Pue.- Con la incorporaci\u00f3n de m\u00e1s de 8 mil c\u00e1maras de videovigilancia que forman parte del \u201cPlan Centinela\u201d, el gobierno presente de Sergio Salom\u00f3n contin\u00faa con el proceso de consolidaci\u00f3n en materia de tecnolog\u00eda policial, inform\u00f3 el secretario de Seguridad P\u00fablica (SSP), Daniel Iv\u00e1n Cruz Luna.<\/p>\n<p>El funcionario reiter\u00f3 el llamado del Ejecutivo para que <strong>las autoridades municipales trabajen en apego a los lineamientos establecidos y bajo una cohesi\u00f3n interinstitucional, para el correcto uso de nuevas herramientas tecnol\u00f3gicas a fin de generar mejores resultados en seguridad.<\/strong><\/p>\n<p>El coordinador general del Centro de Control, Comando, Coordinaci\u00f3n, Comunicaciones, C\u00f3mputo e Inteligencia (C5i), Roberto Reyes Islas detall\u00f3 que, <strong>de las 8 mil 262 c\u00e1maras conectadas a la red de videovigilancia, 6 mil 298 son estatales y mil 964 m\u00e1s se han sumado por el trabajo coordinado con 32 ayuntamientos<\/strong>.<\/p>\n<p>Resalt\u00f3 que gracias a esta tecnolog\u00eda, <strong>de enero a junio, la Secretar\u00eda de Seguridad P\u00fablica, en coordinaci\u00f3n con autoridades municipales, ha logrado la recuperaci\u00f3n de 446 veh\u00edculos y la detenci\u00f3n de 77 personas<\/strong>. Asimismo, ha eficientado la atenci\u00f3n a personas en riesgo, accidentes viales, incendios, lluvias y dio cobertura a eventos como la Feria de Puebla y la reciente jornada electoral.<\/p>\n<p>Agreg\u00f3 que la Sala de Emergencias del 9-1-1 de Puebla obtuvo la \u201cCertificaci\u00f3n de Centros de Atenci\u00f3n de Llamadas de Emergencia 9-1-1\u201d por parte del Centro Nacional de Informaci\u00f3n (CNI) y del Secretariado Ejecutivo del Sistema Nacional de Seguridad P\u00fablica (SESNSP), esto tras calificar positivamente en infraestructura, tecnolog\u00eda, operaci\u00f3n y condiciones laborales.<\/p>\n<p>Con diversas estrategias, disminuyen robos mediante veh\u00edculos ofertados en Facebook<\/p>\n<p>Finalmente, el titular de la SSP refiri\u00f3 que las labores de inteligencia, la detenci\u00f3n de personas, el esquema de prevenci\u00f3n, as\u00ed como el trabajo con municipios y otros estados, permitieron disminuir los robos derivados de la oferta de veh\u00edculos a bajo costo a trav\u00e9s de redes sociales.<\/p>\n","protected":false},"excerpt":{"rendered":"<p>CUAUTLANCINGO, Pue.- Con la incorporaci\u00f3n de m\u00e1s de 8 mil c\u00e1maras de videovigilancia que forman<\/p>\n","protected":false},"author":2,"featured_media":2766,"comment_status":"open","ping_status":"open","sticky":false,"template":"","format":"standard","meta":{"footnotes":""},"categories":[7],"tags":[1379,236,1380,235,1378],"class_list":["post-2765","post","type-post","status-publish","format-standard","has-post-thumbnail","hentry","category-mas-noticias","tag-certificacion-de-centros-de-atencion-de-llamadas-de-emergencia","tag-noticias-de-puebla","tag-plan-centinela","tag-puebla","tag-secretario-de-seguridad-publica-ssp-daniel-ivan-cruz-luna"],"jetpack_featured_media_url":"http:\/\/lared.news\/wp-content\/uploads\/2024\/06\/camaras-de-puebla.jpg","_links":{"self":[{"href":"http:\/\/lared.news\/index.php\/wp-json\/wp\/v2\/posts\/2765","targetHints":{"allow":["GET"]}}],"collection":[{"href":"http:\/\/lared.news\/index.php\/wp-json\/wp\/v2\/posts"}],"about":[{"href":"http:\/\/lared.news\/index.php\/wp-json\/wp\/v2\/types\/post"}],"author":[{"embeddable":true,"href":"http:\/\/lared.news\/index.php\/wp-json\/wp\/v2\/users\/2"}],"replies":[{"embeddable":true,"href":"http:\/\/lared.news\/index.php\/wp-json\/wp\/v2\/comments?post=2765"}],"version-history":[{"count":1,"href":"http:\/\/lared.news\/index.php\/wp-json\/wp\/v2\/posts\/2765\/revisions"}],"predecessor-version":[{"id":2767,"href":"http:\/\/lared.news\/index.php\/wp-json\/wp\/v2\/posts\/2765\/revisions\/2767"}],"wp:featuredmedia":[{"embeddable":true,"href":"http:\/\/lared.news\/index.php\/wp-json\/wp\/v2\/media\/2766"}],"wp:attachment":[{"href":"http:\/\/lared.news\/index.php\/wp-json\/wp\/v2\/media?parent=2765"}],"wp:term":[{"taxonomy":"category","embeddable":true,"href":"http:\/\/lared.news\/index.php\/wp-json\/wp\/v2\/categories?post=2765"},{"taxonomy":"post_tag","embeddable":true,"href":"http:\/\/lared.news\/index.php\/wp-json\/wp\/v2\/tags?post=2765"}],"curies":[{"name":"wp","href":"https:\/\/api.w.org\/{rel}","templated":true}]}}