{"id":2833,"date":"2024-09-11T09:12:18","date_gmt":"2024-09-11T15:12:18","guid":{"rendered":"http:\/\/lared.news\/?p=2833"},"modified":"2024-09-26T09:16:55","modified_gmt":"2024-09-26T15:16:55","slug":"avanza-eliminacion-de-criaderos-del-mosquito-de-dengue-en-atlixco","status":"publish","type":"post","link":"http:\/\/lared.news\/index.php\/2024\/09\/11\/avanza-eliminacion-de-criaderos-del-mosquito-de-dengue-en-atlixco\/","title":{"rendered":"AVANZA ELIMINACI\u00d3N DE CRIADEROS DEL MOSQUITO DE DENGUE EN ATLIXCO"},"content":{"rendered":"<p style=\"font-weight: 400;\">Atlixco, Puebla.- El Ayuntamiento de Atlixco que encabeza Ariadna Ayala, informa que la contenci\u00f3n del dengue ha sido exitosa, gracias a la campa\u00f1a permanente de eliminaci\u00f3n de criaderos de mosco y el monitoreo constante con ovitrampas en diferentes zonas del municipio.<\/p>\n<p style=\"font-weight: 400;\">La campa\u00f1a de prevenci\u00f3n y control que dio inicios a principios de este a\u00f1o, a trav\u00e9s de la Jefatura de Salud y Consultorios del DIF Municipal, ha cubierto 32 rutas, que abarcan las colonias y juntas auxiliares recolectando 68 toneladas de art\u00edculos en desuso que acumulan agua de lluvia; hasta la fecha se han recolectado 36 toneladas de desechos.<\/p>\n<p style=\"font-weight: 400;\">Adem\u00e1s, se han llevado a cabo jornadas de sensibilizaci\u00f3n y educaci\u00f3n en las comunidades, destacando la importancia de eliminar objetos que retengan agua y promuevan la proliferaci\u00f3n de mosquitos con la esperanza de erradicar completamente los criaderos en la regi\u00f3n.<\/p>\n<p style=\"font-weight: 400;\">De igual forma, con apoyo de la Secretar\u00eda de Salud, los operativos de fumigaci\u00f3n, nebulizaci\u00f3n y limpieza han sido reforzadas con la participaci\u00f3n de personal especializado en control de vectores.<\/p>\n<p style=\"font-weight: 400;\">Para m\u00e1s informaci\u00f3n sobre las pr\u00f3ximas actividades de la jornada, pueden consultar las redes sociales del Ayuntamiento de Atlixco (<a href=\"https:\/\/www.facebook.com\/AytoAtlixco\" data-saferedirecturl=\"https:\/\/www.google.com\/url?q=https:\/\/www.facebook.com\/AytoAtlixco&amp;source=gmail&amp;ust=1727450094152000&amp;usg=AOvVaw3-LH1mQ5gPhm6nMpYAc9iO\">https:\/\/www.facebook.com\/AytoAtlixco<\/a>) o Secretar\u00eda\u00a0 de Bienestar Atlixco (<a href=\"https:\/\/www.facebook.com\/BienestarAtlixco\" data-saferedirecturl=\"https:\/\/www.google.com\/url?q=https:\/\/www.facebook.com\/BienestarAtlixco&amp;source=gmail&amp;ust=1727450094153000&amp;usg=AOvVaw2XqgYy7qTKXfufMYsx-vdi\">https:\/\/www.facebook.com\/BienestarAtlixco<\/a>).<\/p>\n","protected":false},"excerpt":{"rendered":"<p>Atlixco, Puebla.- El Ayuntamiento de Atlixco que encabeza Ariadna Ayala, informa que la contenci\u00f3n del<\/p>\n","protected":false},"author":2,"featured_media":2834,"comment_status":"open","ping_status":"open","sticky":false,"template":"","format":"standard","meta":{"footnotes":""},"categories":[5],"tags":[],"class_list":["post-2833","post","type-post","status-publish","format-standard","has-post-thumbnail","hentry","category-atlixco"],"jetpack_featured_media_url":"http:\/\/lared.news\/wp-content\/uploads\/2024\/09\/EC7.jpg","_links":{"self":[{"href":"http:\/\/lared.news\/index.php\/wp-json\/wp\/v2\/posts\/2833","targetHints":{"allow":["GET"]}}],"collection":[{"href":"http:\/\/lared.news\/index.php\/wp-json\/wp\/v2\/posts"}],"about":[{"href":"http:\/\/lared.news\/index.php\/wp-json\/wp\/v2\/types\/post"}],"author":[{"embeddable":true,"href":"http:\/\/lared.news\/index.php\/wp-json\/wp\/v2\/users\/2"}],"replies":[{"embeddable":true,"href":"http:\/\/lared.news\/index.php\/wp-json\/wp\/v2\/comments?post=2833"}],"version-history":[{"count":1,"href":"http:\/\/lared.news\/index.php\/wp-json\/wp\/v2\/posts\/2833\/revisions"}],"predecessor-version":[{"id":2835,"href":"http:\/\/lared.news\/index.php\/wp-json\/wp\/v2\/posts\/2833\/revisions\/2835"}],"wp:featuredmedia":[{"embeddable":true,"href":"http:\/\/lared.news\/index.php\/wp-json\/wp\/v2\/media\/2834"}],"wp:attachment":[{"href":"http:\/\/lared.news\/index.php\/wp-json\/wp\/v2\/media?parent=2833"}],"wp:term":[{"taxonomy":"category","embeddable":true,"href":"http:\/\/lared.news\/index.php\/wp-json\/wp\/v2\/categories?post=2833"},{"taxonomy":"post_tag","embeddable":true,"href":"http:\/\/lared.news\/index.php\/wp-json\/wp\/v2\/tags?post=2833"}],"curies":[{"name":"wp","href":"https:\/\/api.w.org\/{rel}","templated":true}]}}