{"id":2859,"date":"2024-12-16T18:52:34","date_gmt":"2024-12-17T00:52:34","guid":{"rendered":"http:\/\/lared.news\/?p=2859"},"modified":"2024-12-16T18:52:34","modified_gmt":"2024-12-17T00:52:34","slug":"garantizar-la-seguridad-de-las-familias-poblanas-prioridad-para-el-gobernador-alejandro-armenta","status":"publish","type":"post","link":"http:\/\/lared.news\/index.php\/2024\/12\/16\/garantizar-la-seguridad-de-las-familias-poblanas-prioridad-para-el-gobernador-alejandro-armenta\/","title":{"rendered":"Garantizar la seguridad de las familias poblanas, prioridad para el Gobernador Alejandro Armenta"},"content":{"rendered":"<p>CIUDAD DE PUEBLA, Pue.- Al encabezar la primera \u201cMa\u00f1anera\u201d de su administraci\u00f3n, el gobernador del estado, <strong>Alejandro Armenta, enfatiz\u00f3 que su prioridad es garantizar la seguridad y un entorno de paz para las y los poblanos<\/strong>. Por ello, la primera acci\u00f3n de su administraci\u00f3n fue la <strong>entrega de 50 patrullas equipadas con sistema de monitoreo de alta tecnolog\u00eda, identificaci\u00f3n de rostro y placas vehiculares<\/strong>. Adem\u00e1s, los veh\u00edculos cuentan con la conectividad para atender a la ciudadan\u00eda. El gobernador anunci\u00f3 que en pr\u00f3ximas fechas se entregar\u00e1n 50 unidades m\u00e1s para atenci\u00f3n a toda la entidad.<\/p>\n<p style=\"padding-left: 40px;\">El titular del ejecutivo destac\u00f3 que <strong>la Secretar\u00eda de Seguridad P\u00fablica del Estado (SSP) instalar\u00e1 siete m\u00f3dulos de atenci\u00f3n, equipados con alta tecnolog\u00eda y de respuesta inmediata en los l\u00edmites territoriales con Estado de M\u00e9xico, Morelos, Veracruz, Hidalgo, Tlaxcala, Guerrero y Oaxaca<\/strong>. La coordinaci\u00f3n interestatal permitir\u00e1 inhibir cualquier acto delictivo. Adem\u00e1s, <strong>se reforzar\u00e1 la seguridad con tres torres m\u00f3viles de vigilancia de hasta nueve metros de altura y equipamiento tecnol\u00f3gico para un monitoreo eficaz<\/strong>.<\/p>\n<p>En tanto, el secretario de seguridad P\u00fablica estatal, Vicealmirante Francisco S\u00e1nchez Gonz\u00e1lez, detall\u00f3 que durante la primera mesa de seguridad que encabez\u00f3 el gobernador del estado, se atendieron los temas de mayor incidencia en la entidad y m\u00e1s relevantes de las \u00faltimas horas.<\/p>\n<p><strong>El gobernador destac\u00f3 que durante los pr\u00f3ximos d\u00edas se dedicar\u00e1 a realizar recorridos de supervisi\u00f3n en las rutas de evacuaci\u00f3n cercanas al volc\u00e1n Popocat\u00e9petl para verificar su condici\u00f3n<\/strong>. Asimismo, estar\u00e1 acompa\u00f1ado de los titulares de Seguridad P\u00fablica y Protecci\u00f3n Civil para instalar albergues de atenci\u00f3n a personas en condici\u00f3n de vulnerabilidad por exposici\u00f3n a bajas temperaturas.<\/p>\n","protected":false},"excerpt":{"rendered":"<p>CIUDAD DE PUEBLA, Pue.- Al encabezar la primera \u201cMa\u00f1anera\u201d de su administraci\u00f3n, el gobernador del<\/p>\n","protected":false},"author":2,"featured_media":2860,"comment_status":"open","ping_status":"open","sticky":false,"template":"","format":"standard","meta":{"footnotes":""},"categories":[7],"tags":[339,1437,236,496,235],"class_list":["post-2859","post","type-post","status-publish","format-standard","has-post-thumbnail","hentry","category-mas-noticias","tag-alejandro-armenta","tag-gobernador-alejandro-armenta","tag-noticias-de-puebla","tag-noticias-de-puebla-de-hoy","tag-puebla"],"jetpack_featured_media_url":"http:\/\/lared.news\/wp-content\/uploads\/2024\/12\/armenta.jpg","_links":{"self":[{"href":"http:\/\/lared.news\/index.php\/wp-json\/wp\/v2\/posts\/2859","targetHints":{"allow":["GET"]}}],"collection":[{"href":"http:\/\/lared.news\/index.php\/wp-json\/wp\/v2\/posts"}],"about":[{"href":"http:\/\/lared.news\/index.php\/wp-json\/wp\/v2\/types\/post"}],"author":[{"embeddable":true,"href":"http:\/\/lared.news\/index.php\/wp-json\/wp\/v2\/users\/2"}],"replies":[{"embeddable":true,"href":"http:\/\/lared.news\/index.php\/wp-json\/wp\/v2\/comments?post=2859"}],"version-history":[{"count":1,"href":"http:\/\/lared.news\/index.php\/wp-json\/wp\/v2\/posts\/2859\/revisions"}],"predecessor-version":[{"id":2861,"href":"http:\/\/lared.news\/index.php\/wp-json\/wp\/v2\/posts\/2859\/revisions\/2861"}],"wp:featuredmedia":[{"embeddable":true,"href":"http:\/\/lared.news\/index.php\/wp-json\/wp\/v2\/media\/2860"}],"wp:attachment":[{"href":"http:\/\/lared.news\/index.php\/wp-json\/wp\/v2\/media?parent=2859"}],"wp:term":[{"taxonomy":"category","embeddable":true,"href":"http:\/\/lared.news\/index.php\/wp-json\/wp\/v2\/categories?post=2859"},{"taxonomy":"post_tag","embeddable":true,"href":"http:\/\/lared.news\/index.php\/wp-json\/wp\/v2\/tags?post=2859"}],"curies":[{"name":"wp","href":"https:\/\/api.w.org\/{rel}","templated":true}]}}