{"id":2922,"date":"2025-01-04T18:09:17","date_gmt":"2025-01-05T00:09:17","guid":{"rendered":"http:\/\/lared.news\/?p=2922"},"modified":"2025-01-04T18:09:17","modified_gmt":"2025-01-05T00:09:17","slug":"rescata-la-fiscalia-general-del-estado-a-victima-de-trata-de-personas-y-detiene-a-presunto-responsable-tras-cateo-en-el-centro-historico-de-puebla","status":"publish","type":"post","link":"http:\/\/lared.news\/index.php\/2025\/01\/04\/rescata-la-fiscalia-general-del-estado-a-victima-de-trata-de-personas-y-detiene-a-presunto-responsable-tras-cateo-en-el-centro-historico-de-puebla\/","title":{"rendered":"Rescata la Fiscal\u00eda General del Estado a v\u00edctima de trata de personas y detiene a presunto responsable tras cateo en el Centro Hist\u00f3rico de Puebla"},"content":{"rendered":"<p>La Fiscal\u00eda General del Estado de Puebla informa que <strong>como resultado de acciones de inteligencia y de campo, se rescat\u00f3 a una v\u00edctima de trata de personas en su modalidad de prostituci\u00f3n sexual ajena y se detuvo a un presunto responsable, tras un cateo realizado en la avenida 5 poniente, n\u00famero 705, de la colonia Centro de la ciudad de Puebla<\/strong>.<\/p>\n<blockquote><p>De acuerdo con la carpeta de investigaci\u00f3n, en septiembre de 2024, la v\u00edctima de 19 a\u00f1os de edad, comenz\u00f3 a trabajar en el restaurant bar llamado \u201cBarra Beer\u201d, ubicado en el lugar antes referido, no obstante, el 10 de diciembre de 2024, dej\u00f3 de tener comunicaci\u00f3n con su familia, por lo que su hermano acudi\u00f3 a buscarla al sitio, sin embargo le impidieron acercarse a ella, aunque pudo percatarse que presentaba lesiones visibles en el cuerpo.<\/p>\n<p>Derivado de estos hechos, la madre de la v\u00edctima present\u00f3 la denuncia correspondiente ante la posibilidad de que su hija estuviera siendo v\u00edctima de alg\u00fan il\u00edcito.<\/p><\/blockquote>\n<p>Como parte de la oportuna intervenci\u00f3n de <strong>la Fiscal\u00eda del Estado, se mantuvo vigilancia permanente en el establecimiento denominado \u201cBarra Beer\u201d y otros inmuebles donde presuntamente hab\u00eda sido vista la v\u00edctima a fin de ubicarla<\/strong>. Asimismo, se solicit\u00f3 y obtuvo la orden de cateo, misma que se llev\u00f3 a cabo este d\u00eda en coordinaci\u00f3n y apoyo de elementos de la Guardia Nacional.<\/p>\n<p><strong>En el lugar se logr\u00f3 el rescate de la v\u00edctima, as\u00ed como la detenci\u00f3n de \u00c1ngel N., quien presuntamente la mantuvo privada de la libertad oblig\u00e1ndola a ejercer la prostituci\u00f3n<\/strong>.<\/p>\n<p>Cabe destacar que <strong>se activ\u00f3 el Protocolo de Atenci\u00f3n a V\u00edctimas de Trata de Personas, por lo que la mujer de 19 a\u00f1os de edad, fue separada de inmediato del presunto tratante, evitando la revictimizaci\u00f3n<\/strong>, recibiendo atenci\u00f3n psicol\u00f3gica y acompa\u00f1amiento a fin de estabilizarla emocionalmente y evitar trastornos emocionales, como parte de una justicia equitativa y restaurativa.<\/p>\n<p>La Fiscal\u00eda General del Estado de Puebla, refrenda su compromiso de actuar con eficiencia y lograr la conservaci\u00f3n del Estado de Derecho para beneficio de la sociedad con una justicia verdadera.<\/p>\n","protected":false},"excerpt":{"rendered":"<p>La Fiscal\u00eda General del Estado de Puebla informa que como resultado de acciones de inteligencia<\/p>\n","protected":false},"author":2,"featured_media":2923,"comment_status":"open","ping_status":"open","sticky":false,"template":"","format":"standard","meta":{"footnotes":""},"categories":[14],"tags":[1324,236,235,237,1470,1469],"class_list":["post-2922","post","type-post","status-publish","format-standard","has-post-thumbnail","hentry","category-nota-roja","tag-centro-historico-de-puebla","tag-noticias-de-puebla","tag-puebla","tag-puebla-noticias","tag-restaurant-bar-en-puebla-barra-beer","tag-trata-de-personas-en-puebla"],"jetpack_featured_media_url":"http:\/\/lared.news\/wp-content\/uploads\/2025\/01\/restaurant-bar-Barra-Beer.jpg","_links":{"self":[{"href":"http:\/\/lared.news\/index.php\/wp-json\/wp\/v2\/posts\/2922","targetHints":{"allow":["GET"]}}],"collection":[{"href":"http:\/\/lared.news\/index.php\/wp-json\/wp\/v2\/posts"}],"about":[{"href":"http:\/\/lared.news\/index.php\/wp-json\/wp\/v2\/types\/post"}],"author":[{"embeddable":true,"href":"http:\/\/lared.news\/index.php\/wp-json\/wp\/v2\/users\/2"}],"replies":[{"embeddable":true,"href":"http:\/\/lared.news\/index.php\/wp-json\/wp\/v2\/comments?post=2922"}],"version-history":[{"count":1,"href":"http:\/\/lared.news\/index.php\/wp-json\/wp\/v2\/posts\/2922\/revisions"}],"predecessor-version":[{"id":2924,"href":"http:\/\/lared.news\/index.php\/wp-json\/wp\/v2\/posts\/2922\/revisions\/2924"}],"wp:featuredmedia":[{"embeddable":true,"href":"http:\/\/lared.news\/index.php\/wp-json\/wp\/v2\/media\/2923"}],"wp:attachment":[{"href":"http:\/\/lared.news\/index.php\/wp-json\/wp\/v2\/media?parent=2922"}],"wp:term":[{"taxonomy":"category","embeddable":true,"href":"http:\/\/lared.news\/index.php\/wp-json\/wp\/v2\/categories?post=2922"},{"taxonomy":"post_tag","embeddable":true,"href":"http:\/\/lared.news\/index.php\/wp-json\/wp\/v2\/tags?post=2922"}],"curies":[{"name":"wp","href":"https:\/\/api.w.org\/{rel}","templated":true}]}}