{"id":2936,"date":"2025-02-20T10:00:48","date_gmt":"2025-02-20T16:00:48","guid":{"rendered":"http:\/\/lared.news\/?p=2936"},"modified":"2025-03-06T10:05:43","modified_gmt":"2025-03-06T16:05:43","slug":"ariadna-ayala-impulsa-la-construccion-de-otro-comedor-escolar-en-atlixco","status":"publish","type":"post","link":"http:\/\/lared.news\/index.php\/2025\/02\/20\/ariadna-ayala-impulsa-la-construccion-de-otro-comedor-escolar-en-atlixco\/","title":{"rendered":"ARIADNA AYALA IMPULSA LA CONSTRUCCI\u00d3N DE OTRO COMEDOR ESCOLAR EN ATLIXCO"},"content":{"rendered":"<p style=\"font-weight: 400;\">Atlixco, Puebla.- La presidenta municipal de Atlixco, Ariadna Ayala, inici\u00f3 la <strong>construcci\u00f3n de un nuevo comedor escolar en la primaria Antonio Serrano, un proyecto que beneficiar\u00e1 a cerca de 300 estudiantes de esta instituci\u00f3n<\/strong>, ubicada en el centro de la ciudad.<\/p>\n<p style=\"font-weight: 400;\">Ariadna Ayala coment\u00f3 que el comedor tiene como objetivo proporcionar un espacio adecuado para que ni\u00f1as y ni\u00f1os reciban una alimentaci\u00f3n sana y balanceada durante su jornada escolar, mejorando as\u00ed, su desempe\u00f1o educativo.<\/p>\n<p style=\"font-weight: 400;\">\u201cCada plato de comida servir\u00e1 para darles a nuestros peque\u00f1os la oportunidad de concentrarse en lo m\u00e1s importante: su educaci\u00f3n y su futuro\u201d, expres\u00f3 Ariadna Ayala.<\/p>\n<p style=\"font-weight: 400;\">El proyecto de la presidenta Ariadna Ayala forma parte de las acciones del gobierno municipal para mejorar la infraestructura educativa, e incluye el equipamiento del comedor con: refrigerador, dispensador de agua, horno de microondas, parrillas industriales, fregadero, lavamanos, mesas, sillas, campana de extracci\u00f3n y extintor.<\/p>\n<p style=\"font-weight: 400;\">\n","protected":false},"excerpt":{"rendered":"<p>Atlixco, Puebla.- La presidenta municipal de Atlixco, Ariadna Ayala, inici\u00f3 la construcci\u00f3n de un nuevo<\/p>\n","protected":false},"author":2,"featured_media":2937,"comment_status":"open","ping_status":"open","sticky":false,"template":"","format":"standard","meta":{"footnotes":""},"categories":[5],"tags":[222,224,1482],"class_list":["post-2936","post","type-post","status-publish","format-standard","has-post-thumbnail","hentry","category-atlixco","tag-atlixco","tag-noticias-de-atlixco","tag-primaria-antonio-serrano"],"jetpack_featured_media_url":"http:\/\/lared.news\/wp-content\/uploads\/2025\/03\/AS2.jpg","_links":{"self":[{"href":"http:\/\/lared.news\/index.php\/wp-json\/wp\/v2\/posts\/2936","targetHints":{"allow":["GET"]}}],"collection":[{"href":"http:\/\/lared.news\/index.php\/wp-json\/wp\/v2\/posts"}],"about":[{"href":"http:\/\/lared.news\/index.php\/wp-json\/wp\/v2\/types\/post"}],"author":[{"embeddable":true,"href":"http:\/\/lared.news\/index.php\/wp-json\/wp\/v2\/users\/2"}],"replies":[{"embeddable":true,"href":"http:\/\/lared.news\/index.php\/wp-json\/wp\/v2\/comments?post=2936"}],"version-history":[{"count":1,"href":"http:\/\/lared.news\/index.php\/wp-json\/wp\/v2\/posts\/2936\/revisions"}],"predecessor-version":[{"id":2938,"href":"http:\/\/lared.news\/index.php\/wp-json\/wp\/v2\/posts\/2936\/revisions\/2938"}],"wp:featuredmedia":[{"embeddable":true,"href":"http:\/\/lared.news\/index.php\/wp-json\/wp\/v2\/media\/2937"}],"wp:attachment":[{"href":"http:\/\/lared.news\/index.php\/wp-json\/wp\/v2\/media?parent=2936"}],"wp:term":[{"taxonomy":"category","embeddable":true,"href":"http:\/\/lared.news\/index.php\/wp-json\/wp\/v2\/categories?post=2936"},{"taxonomy":"post_tag","embeddable":true,"href":"http:\/\/lared.news\/index.php\/wp-json\/wp\/v2\/tags?post=2936"}],"curies":[{"name":"wp","href":"https:\/\/api.w.org\/{rel}","templated":true}]}}