{"id":2942,"date":"2025-01-16T10:10:56","date_gmt":"2025-01-16T16:10:56","guid":{"rendered":"http:\/\/lared.news\/?p=2942"},"modified":"2025-03-06T10:13:05","modified_gmt":"2025-03-06T16:13:05","slug":"la-casa-del-abue-atlixquense-un-hogar-de-bienestar-y-alegria-de-adultos-mayores","status":"publish","type":"post","link":"http:\/\/lared.news\/index.php\/2025\/01\/16\/la-casa-del-abue-atlixquense-un-hogar-de-bienestar-y-alegria-de-adultos-mayores\/","title":{"rendered":"LA CASA DEL ABUE ATLIXQUENSE: UN HOGAR DE BIENESTAR Y ALEGR\u00cdA DE ADULTOS MAYORES"},"content":{"rendered":"<p style=\"font-weight: 400;\">Atlixco, Puebla.- La Casa del Abue atlixquense fue inaugurada por el gobernador Alejandro Armenta y la presidenta Ariadna Ayala.<\/p>\n<p style=\"font-weight: 400;\">Es un espacio de recreaci\u00f3n, aprendizaje y convivencia dedicado al cuidado y bienestar de los adultos mayores.<\/p>\n<p style=\"font-weight: 400;\">En la casa del Abue atlixquense, los adultos mayores pueden participar en diversas actividades dise\u00f1adas para fomentar su salud f\u00edsica, mental y emocional, adem\u00e1s de promover la integraci\u00f3n social.<\/p>\n<p style=\"font-weight: 400;\">Las actividades son:<\/p>\n<ul>\n<li style=\"font-weight: 400;\">Gimnasia cerebral<\/li>\n<li style=\"font-weight: 400;\">Yoga<\/li>\n<li style=\"font-weight: 400;\">Cachibol<\/li>\n<li style=\"font-weight: 400;\">Manualidades<\/li>\n<li style=\"font-weight: 400;\">M\u00fasica<\/li>\n<li style=\"font-weight: 400;\">Zumba<\/li>\n<li style=\"font-weight: 400;\">Pl\u00e1ticas psicol\u00f3gicas<\/li>\n<li style=\"font-weight: 400;\">Meditaci\u00f3n<\/li>\n<\/ul>\n<p style=\"font-weight: 400;\">Si deseas conocer m\u00e1s sobre este espacio, puedes visitarlo en calle Magnolias #2542, La Carolina, o comunicarte al 244 446 3391 en un horario de lunes a viernes, de 8:00 a.m. a 4:00 p.m.<\/p>\n","protected":false},"excerpt":{"rendered":"<p>Atlixco, Puebla.- La Casa del Abue atlixquense fue inaugurada por el gobernador Alejandro Armenta y<\/p>\n","protected":false},"author":2,"featured_media":2943,"comment_status":"open","ping_status":"open","sticky":false,"template":"","format":"standard","meta":{"footnotes":""},"categories":[5],"tags":[339,1484],"class_list":["post-2942","post","type-post","status-publish","format-standard","has-post-thumbnail","hentry","category-atlixco","tag-alejandro-armenta","tag-casa-del-abue-atlixquense"],"jetpack_featured_media_url":"http:\/\/lared.news\/wp-content\/uploads\/2025\/03\/CA12.jpg","_links":{"self":[{"href":"http:\/\/lared.news\/index.php\/wp-json\/wp\/v2\/posts\/2942","targetHints":{"allow":["GET"]}}],"collection":[{"href":"http:\/\/lared.news\/index.php\/wp-json\/wp\/v2\/posts"}],"about":[{"href":"http:\/\/lared.news\/index.php\/wp-json\/wp\/v2\/types\/post"}],"author":[{"embeddable":true,"href":"http:\/\/lared.news\/index.php\/wp-json\/wp\/v2\/users\/2"}],"replies":[{"embeddable":true,"href":"http:\/\/lared.news\/index.php\/wp-json\/wp\/v2\/comments?post=2942"}],"version-history":[{"count":1,"href":"http:\/\/lared.news\/index.php\/wp-json\/wp\/v2\/posts\/2942\/revisions"}],"predecessor-version":[{"id":2944,"href":"http:\/\/lared.news\/index.php\/wp-json\/wp\/v2\/posts\/2942\/revisions\/2944"}],"wp:featuredmedia":[{"embeddable":true,"href":"http:\/\/lared.news\/index.php\/wp-json\/wp\/v2\/media\/2943"}],"wp:attachment":[{"href":"http:\/\/lared.news\/index.php\/wp-json\/wp\/v2\/media?parent=2942"}],"wp:term":[{"taxonomy":"category","embeddable":true,"href":"http:\/\/lared.news\/index.php\/wp-json\/wp\/v2\/categories?post=2942"},{"taxonomy":"post_tag","embeddable":true,"href":"http:\/\/lared.news\/index.php\/wp-json\/wp\/v2\/tags?post=2942"}],"curies":[{"name":"wp","href":"https:\/\/api.w.org\/{rel}","templated":true}]}}