{"id":2953,"date":"2025-04-24T08:55:52","date_gmt":"2025-04-24T14:55:52","guid":{"rendered":"http:\/\/lared.news\/?p=2953"},"modified":"2025-05-21T09:10:28","modified_gmt":"2025-05-21T15:10:28","slug":"ariadna-ayala-presidenta-de-atlixco-avanza-con-la-construccion-de-nueva-celda-en-el-relleno-sanitario-obra-clave-para-el-medio-ambiente","status":"publish","type":"post","link":"http:\/\/lared.news\/index.php\/2025\/04\/24\/ariadna-ayala-presidenta-de-atlixco-avanza-con-la-construccion-de-nueva-celda-en-el-relleno-sanitario-obra-clave-para-el-medio-ambiente\/","title":{"rendered":"Ariadna Ayala, presidenta de Atlixco, avanza con la construcci\u00f3n de nueva celda en el relleno sanitario: obra clave para el medio ambiente"},"content":{"rendered":"<p style=\"font-weight: 400;\">El Ayuntamiento de Atlixco, encabezado por la presidenta municipal Ariadna Ayala, informa que contin\u00faa con buen ritmo la construcci\u00f3n de una nueva celda en el relleno sanitario municipal, gracias al respaldo y coordinaci\u00f3n con el Gobierno del Estado de Puebla.<\/p>\n<p style=\"font-weight: 400;\">Esta obra estrat\u00e9gica contempla una inversi\u00f3n de 23 millones de pesos y una capacidad de almacenamiento de 361,710.09 metros c\u00fabicos, lo que representa un avance significativo en el manejo responsable de los residuos s\u00f3lidos urbanos, reduciendo riesgos sanitarios y el impacto ambiental.<\/p>\n<p style=\"font-weight: 400;\">\u201cLa nueva celda beneficiar\u00e1 directamente a m\u00e1s de 141 mil habitantes de nuestras 11 juntas auxiliares y colonias. Este proyecto es parte de nuestro compromiso con el bienestar de la ciudadan\u00eda y el cuidado del entorno\u201d, destac\u00f3 la presidenta Ariadna Ayala.<\/p>\n<p style=\"font-weight: 400;\">Con estas acciones, el Gobierno Municipal de Atlixco fortalece su pol\u00edtica ambiental y refuerza el camino hacia un desarrollo sostenible, priorizando la salud p\u00fablica y la protecci\u00f3n de los recursos naturales.<\/p>\n","protected":false},"excerpt":{"rendered":"<p>El Ayuntamiento de Atlixco, encabezado por la presidenta municipal Ariadna Ayala, informa que contin\u00faa con<\/p>\n","protected":false},"author":2,"featured_media":2954,"comment_status":"open","ping_status":"open","sticky":false,"template":"","format":"standard","meta":{"footnotes":""},"categories":[5],"tags":[251,222,1486,640,1487],"class_list":["post-2953","post","type-post","status-publish","format-standard","has-post-thumbnail","hentry","category-atlixco","tag-ariadna-ayala","tag-atlixco","tag-construccion-de-nueva-celda-en-el-relleno-sanitario-en-atlixco","tag-estado-de-puebla","tag-relleno-sanitario-de-atlixco"],"jetpack_featured_media_url":"http:\/\/lared.news\/wp-content\/uploads\/2025\/05\/40-scaled.jpg","_links":{"self":[{"href":"http:\/\/lared.news\/index.php\/wp-json\/wp\/v2\/posts\/2953","targetHints":{"allow":["GET"]}}],"collection":[{"href":"http:\/\/lared.news\/index.php\/wp-json\/wp\/v2\/posts"}],"about":[{"href":"http:\/\/lared.news\/index.php\/wp-json\/wp\/v2\/types\/post"}],"author":[{"embeddable":true,"href":"http:\/\/lared.news\/index.php\/wp-json\/wp\/v2\/users\/2"}],"replies":[{"embeddable":true,"href":"http:\/\/lared.news\/index.php\/wp-json\/wp\/v2\/comments?post=2953"}],"version-history":[{"count":1,"href":"http:\/\/lared.news\/index.php\/wp-json\/wp\/v2\/posts\/2953\/revisions"}],"predecessor-version":[{"id":2955,"href":"http:\/\/lared.news\/index.php\/wp-json\/wp\/v2\/posts\/2953\/revisions\/2955"}],"wp:featuredmedia":[{"embeddable":true,"href":"http:\/\/lared.news\/index.php\/wp-json\/wp\/v2\/media\/2954"}],"wp:attachment":[{"href":"http:\/\/lared.news\/index.php\/wp-json\/wp\/v2\/media?parent=2953"}],"wp:term":[{"taxonomy":"category","embeddable":true,"href":"http:\/\/lared.news\/index.php\/wp-json\/wp\/v2\/categories?post=2953"},{"taxonomy":"post_tag","embeddable":true,"href":"http:\/\/lared.news\/index.php\/wp-json\/wp\/v2\/tags?post=2953"}],"curies":[{"name":"wp","href":"https:\/\/api.w.org\/{rel}","templated":true}]}}