{"id":2978,"date":"2025-08-13T20:17:28","date_gmt":"2025-08-14T02:17:28","guid":{"rendered":"http:\/\/lared.news\/?p=2978"},"modified":"2025-08-13T20:17:28","modified_gmt":"2025-08-14T02:17:28","slug":"mantiene-ssp-revisiones-en-penales-de-tepexi-y-puebla","status":"publish","type":"post","link":"http:\/\/lared.news\/index.php\/2025\/08\/13\/mantiene-ssp-revisiones-en-penales-de-tepexi-y-puebla\/","title":{"rendered":"Mantiene SSP revisiones en penales de Tepexi y Puebla"},"content":{"rendered":"<p>TEPEXI DE RODR\u00cdGUEZ, Pue.- En seguimiento a las acciones de orden y gobernabilidad al interior de los centros penitenciarios del estado, la Secretar\u00eda de Seguridad P\u00fablica (SSP) mantiene revisiones permanentes en los penales de Tepexi de Rodr\u00edguez y Puebla.<\/p>\n<p><strong>En el centro penitenciario de Tepexi<\/strong>, donde se cont\u00f3 con apoyo de la Secretar\u00eda de Marina (SEMAR), Secretar\u00eda de la Defensa Nacional (DEFENSA) y Guardia Nacional (GN), <strong>polic\u00edas custodios aseguraron 25 objetos punzocortantes, ocho bocinas, siete tel\u00e9fonos celulares, accesorios telef\u00f3nicos, prendas de vestir, recipientes para el consumo de sustancias il\u00edcitas y posible marihuana<\/strong>.<\/p>\n<p>En tanto, <strong>en el penal de Puebla,<\/strong> las acciones fueron desarrolladas por personal de la Subsecretar\u00eda de Centros Penitenciarios, quienes <strong>localizaron 21 objetos punzocortantes, cargadores, aud\u00edfonos, cables USB, tubos de metal, trozos de varilla y herramientas hechizas<\/strong>.<\/p>\n<p><img loading=\"lazy\" decoding=\"async\" class=\"wp-image-2980 aligncenter\" src=\"http:\/\/lared.news\/wp-content\/uploads\/2025\/08\/2-300x192.jpg\" alt=\"\" width=\"381\" height=\"244\" srcset=\"http:\/\/lared.news\/wp-content\/uploads\/2025\/08\/2-300x192.jpg 300w, http:\/\/lared.news\/wp-content\/uploads\/2025\/08\/2-1024x655.jpg 1024w, http:\/\/lared.news\/wp-content\/uploads\/2025\/08\/2-768x491.jpg 768w, http:\/\/lared.news\/wp-content\/uploads\/2025\/08\/2-1536x982.jpg 1536w, http:\/\/lared.news\/wp-content\/uploads\/2025\/08\/2.jpg 1600w\" sizes=\"auto, (max-width: 381px) 100vw, 381px\" \/><\/p>\n<p>El desarrollo de <strong>estos operativos se realiz\u00f3 conforme a los protocolos establecidos y con apego irrestricto a los derechos humanos de las personas privadas de la libertad<\/strong>.<\/p>\n<p>El Gobierno del Estado de Puebla, a trav\u00e9s de la SSP, mantendr\u00e1 este tipo de acciones a fin de garantizar la seguridad al interior de los centros penitenciarios.<\/p>\n","protected":false},"excerpt":{"rendered":"<p>TEPEXI DE RODR\u00cdGUEZ, Pue.- En seguimiento a las acciones de orden y gobernabilidad al interior<\/p>\n","protected":false},"author":2,"featured_media":2979,"comment_status":"open","ping_status":"open","sticky":false,"template":"","format":"standard","meta":{"footnotes":""},"categories":[14],"tags":[1497,640,1498,236,888,1164,235],"class_list":["post-2978","post","type-post","status-publish","format-standard","has-post-thumbnail","hentry","category-nota-roja","tag-centro-penitenciario-de-tepexi","tag-estado-de-puebla","tag-nopticias-de-hoy","tag-noticias-de-puebla","tag-penal-de-puebla","tag-penal-de-tepexi","tag-puebla"],"jetpack_featured_media_url":"http:\/\/lared.news\/wp-content\/uploads\/2025\/08\/1.jpg","_links":{"self":[{"href":"http:\/\/lared.news\/index.php\/wp-json\/wp\/v2\/posts\/2978","targetHints":{"allow":["GET"]}}],"collection":[{"href":"http:\/\/lared.news\/index.php\/wp-json\/wp\/v2\/posts"}],"about":[{"href":"http:\/\/lared.news\/index.php\/wp-json\/wp\/v2\/types\/post"}],"author":[{"embeddable":true,"href":"http:\/\/lared.news\/index.php\/wp-json\/wp\/v2\/users\/2"}],"replies":[{"embeddable":true,"href":"http:\/\/lared.news\/index.php\/wp-json\/wp\/v2\/comments?post=2978"}],"version-history":[{"count":1,"href":"http:\/\/lared.news\/index.php\/wp-json\/wp\/v2\/posts\/2978\/revisions"}],"predecessor-version":[{"id":2981,"href":"http:\/\/lared.news\/index.php\/wp-json\/wp\/v2\/posts\/2978\/revisions\/2981"}],"wp:featuredmedia":[{"embeddable":true,"href":"http:\/\/lared.news\/index.php\/wp-json\/wp\/v2\/media\/2979"}],"wp:attachment":[{"href":"http:\/\/lared.news\/index.php\/wp-json\/wp\/v2\/media?parent=2978"}],"wp:term":[{"taxonomy":"category","embeddable":true,"href":"http:\/\/lared.news\/index.php\/wp-json\/wp\/v2\/categories?post=2978"},{"taxonomy":"post_tag","embeddable":true,"href":"http:\/\/lared.news\/index.php\/wp-json\/wp\/v2\/tags?post=2978"}],"curies":[{"name":"wp","href":"https:\/\/api.w.org\/{rel}","templated":true}]}}