{"id":3082,"date":"2026-02-11T10:32:26","date_gmt":"2026-02-11T16:32:26","guid":{"rendered":"http:\/\/lared.news\/?p=3082"},"modified":"2026-03-10T10:35:20","modified_gmt":"2026-03-10T16:35:20","slug":"ariadna-ayala-fortalece-proyeccion-turistica-con-la-agenda-turistica-apasionate-por-atlixco-2026","status":"publish","type":"post","link":"http:\/\/lared.news\/index.php\/2026\/02\/11\/ariadna-ayala-fortalece-proyeccion-turistica-con-la-agenda-turistica-apasionate-por-atlixco-2026\/","title":{"rendered":"Ariadna Ayala fortalece proyecci\u00f3n tur\u00edstica con la Agenda Tur\u00edstica Apasi\u00f3nate por Atlixco 2026"},"content":{"rendered":"<p>Atlixco, Puebla.- Ariadna Ayala, presidenta de Atlixco, present\u00f3 la Agenda Tur\u00edstica Apasi\u00f3nate por Atlixco 2026, un plan estrat\u00e9gico que, mediante una adecuada planificaci\u00f3n, calendarizaci\u00f3n y promoci\u00f3n, busca consolidar al municipio como uno de los principales destinos tur\u00edsticos del estado y del pa\u00eds, al tiempo que impulsa acciones, actividades y proyectos a lo largo del a\u00f1o para resaltar su riqueza cultural, hist\u00f3rica, gastron\u00f3mica y natural, fortaleciendo la econom\u00eda local y el bienestar de las familias atlixquenses.<\/p>\n<p>La presidenta Ariadna Ayala, destac\u00f3 que el turismo es un eje clave del desarrollo econ\u00f3mico del municipio y que las estrategias locales se alinean con la visi\u00f3n de la presidenta Claudia Sheinbaum y del gobernador Alejandro Armenta, a trav\u00e9s de una promoci\u00f3n tur\u00edstica comunitaria, profesional, segura y sostenible.<\/p>\n<p>Ariadna Ayala inform\u00f3 que <strong>durante 2025 el municipio recibi\u00f3 m\u00e1s de 2.8 millones de visitantes, lo que represent\u00f3 un crecimiento del 5.7 % y una derrama econ\u00f3mica superior a los mil millones de pesos<\/strong>, adem\u00e1s de anunciar nuevos atractivos para 2026.<\/p>\n<p>Con acciones como estas, <strong>Ariadna Ayala reafirma su compromiso de impulsar el desarrollo tur\u00edstico de Atlixco<\/strong>, fortaleciendo la econom\u00eda local y el bienestar de las familias atlixquenses.<\/p>\n","protected":false},"excerpt":{"rendered":"<p>Atlixco, Puebla.- Ariadna Ayala, presidenta de Atlixco, present\u00f3 la Agenda Tur\u00edstica Apasi\u00f3nate por Atlixco 2026,<\/p>\n","protected":false},"author":2,"featured_media":3083,"comment_status":"open","ping_status":"open","sticky":false,"template":"","format":"standard","meta":{"footnotes":""},"categories":[5],"tags":[1204,1553,251,222],"class_list":["post-3082","post","type-post","status-publish","format-standard","has-post-thumbnail","hentry","category-atlixco","tag-apasionate-por-atlixco","tag-agenda-turistica-apasionate-por-atlixco-2026","tag-ariadna-ayala","tag-atlixco"],"jetpack_featured_media_url":"http:\/\/lared.news\/wp-content\/uploads\/2026\/03\/1.jpeg","_links":{"self":[{"href":"http:\/\/lared.news\/index.php\/wp-json\/wp\/v2\/posts\/3082","targetHints":{"allow":["GET"]}}],"collection":[{"href":"http:\/\/lared.news\/index.php\/wp-json\/wp\/v2\/posts"}],"about":[{"href":"http:\/\/lared.news\/index.php\/wp-json\/wp\/v2\/types\/post"}],"author":[{"embeddable":true,"href":"http:\/\/lared.news\/index.php\/wp-json\/wp\/v2\/users\/2"}],"replies":[{"embeddable":true,"href":"http:\/\/lared.news\/index.php\/wp-json\/wp\/v2\/comments?post=3082"}],"version-history":[{"count":1,"href":"http:\/\/lared.news\/index.php\/wp-json\/wp\/v2\/posts\/3082\/revisions"}],"predecessor-version":[{"id":3084,"href":"http:\/\/lared.news\/index.php\/wp-json\/wp\/v2\/posts\/3082\/revisions\/3084"}],"wp:featuredmedia":[{"embeddable":true,"href":"http:\/\/lared.news\/index.php\/wp-json\/wp\/v2\/media\/3083"}],"wp:attachment":[{"href":"http:\/\/lared.news\/index.php\/wp-json\/wp\/v2\/media?parent=3082"}],"wp:term":[{"taxonomy":"category","embeddable":true,"href":"http:\/\/lared.news\/index.php\/wp-json\/wp\/v2\/categories?post=3082"},{"taxonomy":"post_tag","embeddable":true,"href":"http:\/\/lared.news\/index.php\/wp-json\/wp\/v2\/tags?post=3082"}],"curies":[{"name":"wp","href":"https:\/\/api.w.org\/{rel}","templated":true}]}}