{"id":3085,"date":"2026-02-28T10:37:46","date_gmt":"2026-02-28T16:37:46","guid":{"rendered":"http:\/\/lared.news\/?p=3085"},"modified":"2026-03-10T10:41:37","modified_gmt":"2026-03-10T16:41:37","slug":"bajo-el-impulso-de-ariadna-ayala-atlixco-hace-florecer-el-talento-artistico","status":"publish","type":"post","link":"http:\/\/lared.news\/index.php\/2026\/02\/28\/bajo-el-impulso-de-ariadna-ayala-atlixco-hace-florecer-el-talento-artistico\/","title":{"rendered":"Bajo el impulso de Ariadna Ayala, Atlixco hace florecer el talento art\u00edstico"},"content":{"rendered":"<p>Atlixco, Puebla.- La presidenta de Atlixco, Ariadna Ayala anunci\u00f3 la apertura de inscripciones al Programa Nacional de Escuelas de Iniciaci\u00f3n Art\u00edstica, asociado al Instituto Nacional de Bellas Artes y Literatura (INBAL), con una oferta en Danza, Teatro, M\u00fasica y Artes Pl\u00e1sticas y Visuales.<\/p>\n<p>El modelo educativo busca fortalecer la creatividad, sensibilidad y pensamiento cr\u00edtico de las y los participantes. Al concluir su formaci\u00f3n, el alumnado recibir\u00e1 un Cardex acad\u00e9mico avalado por el INBAL.<\/p>\n<p>Las inscripciones se realizan en la Casa de Cultura Atlixco \u201cAcapetlahuacan\u201d, ubicada en Avenida del Trabajo 1301, colonia El Carmen en un horario de atenci\u00f3n de martes y jueves de 17:00 a 20:00 horas, y s\u00e1bados de 11:00 a 13:00 horas. Para mayores informes los interesados pueden llamar al 232 141 1170.<\/p>\n<p>Con esta acci\u00f3n, Ariadna Ayala reafirma su compromiso con el impulso a la educaci\u00f3n art\u00edstica y el fortalecimiento cultural en el municipio.<\/p>\n","protected":false},"excerpt":{"rendered":"<p>Atlixco, Puebla.- La presidenta de Atlixco, Ariadna Ayala anunci\u00f3 la apertura de inscripciones al Programa<\/p>\n","protected":false},"author":2,"featured_media":3086,"comment_status":"open","ping_status":"open","sticky":false,"template":"","format":"standard","meta":{"footnotes":""},"categories":[5],"tags":[251,222,223,1556,1555,1554],"class_list":["post-3085","post","type-post","status-publish","format-standard","has-post-thumbnail","hentry","category-atlixco","tag-ariadna-ayala","tag-atlixco","tag-atlixco-noticias","tag-casa-de-cultura-atlixco-acapetlahuacan","tag-instituto-nacional-de-bellas-artes-y-literatura-inbal","tag-programa-nacional-de-escuelas-de-iniciacion-artistica"],"jetpack_featured_media_url":"http:\/\/lared.news\/wp-content\/uploads\/2026\/03\/ESC-INICIACION.jpg","_links":{"self":[{"href":"http:\/\/lared.news\/index.php\/wp-json\/wp\/v2\/posts\/3085","targetHints":{"allow":["GET"]}}],"collection":[{"href":"http:\/\/lared.news\/index.php\/wp-json\/wp\/v2\/posts"}],"about":[{"href":"http:\/\/lared.news\/index.php\/wp-json\/wp\/v2\/types\/post"}],"author":[{"embeddable":true,"href":"http:\/\/lared.news\/index.php\/wp-json\/wp\/v2\/users\/2"}],"replies":[{"embeddable":true,"href":"http:\/\/lared.news\/index.php\/wp-json\/wp\/v2\/comments?post=3085"}],"version-history":[{"count":1,"href":"http:\/\/lared.news\/index.php\/wp-json\/wp\/v2\/posts\/3085\/revisions"}],"predecessor-version":[{"id":3087,"href":"http:\/\/lared.news\/index.php\/wp-json\/wp\/v2\/posts\/3085\/revisions\/3087"}],"wp:featuredmedia":[{"embeddable":true,"href":"http:\/\/lared.news\/index.php\/wp-json\/wp\/v2\/media\/3086"}],"wp:attachment":[{"href":"http:\/\/lared.news\/index.php\/wp-json\/wp\/v2\/media?parent=3085"}],"wp:term":[{"taxonomy":"category","embeddable":true,"href":"http:\/\/lared.news\/index.php\/wp-json\/wp\/v2\/categories?post=3085"},{"taxonomy":"post_tag","embeddable":true,"href":"http:\/\/lared.news\/index.php\/wp-json\/wp\/v2\/tags?post=3085"}],"curies":[{"name":"wp","href":"https:\/\/api.w.org\/{rel}","templated":true}]}}