{"id":3096,"date":"2026-04-13T17:00:44","date_gmt":"2026-04-13T23:00:44","guid":{"rendered":"http:\/\/lared.news\/?p=3096"},"modified":"2026-05-01T08:51:35","modified_gmt":"2026-05-01T14:51:35","slug":"atlixco-recibe-la-jornada-por-amor-a-puebla-ariadna-ayala-destaca-atencion-directa-a-la-poblacion","status":"publish","type":"post","link":"http:\/\/lared.news\/index.php\/2026\/04\/13\/atlixco-recibe-la-jornada-por-amor-a-puebla-ariadna-ayala-destaca-atencion-directa-a-la-poblacion\/","title":{"rendered":"Atlixco recibe la Jornada \u201cpor Amor a Puebla\u201d; Ariadna Ayala destaca atenci\u00f3n directa a la poblaci\u00f3n"},"content":{"rendered":"<p>Atlixco, Puebla.- La presidenta de Atlixco, Ariadna Ayala, encabez\u00f3 la jornada ciudadana \u201cPor Amor a Puebla\u201d, una estrategia del Gobernador Alejandro Armenta, que acerca servicios, tr\u00e1mites y atenci\u00f3n directa a la poblaci\u00f3n en un mismo espacio.<\/p>\n<p>En representaci\u00f3n del Ejecutivo estatal, Pablo Salazar Vicentello se\u00f1al\u00f3 que la jornada \u201cPor Amor a Puebla\u201d continuar\u00e1 recorriendo distintos puntos del estado, con el objetivo de brindar atenci\u00f3n directa y oportuna, con servicios disponibles en Atlixco hasta el 28 de abril.<\/p>\n<p>Autoridades coincidieron en que estas jornadas consolidan un gobierno cercano, eficiente y comprometido con dar soluciones reales a la poblaci\u00f3n.<\/p>\n","protected":false},"excerpt":{"rendered":"<p>Atlixco, Puebla.- La presidenta de Atlixco, Ariadna Ayala, encabez\u00f3 la jornada ciudadana \u201cPor Amor a<\/p>\n","protected":false},"author":2,"featured_media":3097,"comment_status":"open","ping_status":"open","sticky":false,"template":"","format":"standard","meta":{"footnotes":""},"categories":[5],"tags":[],"class_list":["post-3096","post","type-post","status-publish","format-standard","has-post-thumbnail","hentry","category-atlixco"],"jetpack_featured_media_url":"http:\/\/lared.news\/wp-content\/uploads\/2026\/05\/FB_IMG_1776113256780.jpg.jpeg","_links":{"self":[{"href":"http:\/\/lared.news\/index.php\/wp-json\/wp\/v2\/posts\/3096","targetHints":{"allow":["GET"]}}],"collection":[{"href":"http:\/\/lared.news\/index.php\/wp-json\/wp\/v2\/posts"}],"about":[{"href":"http:\/\/lared.news\/index.php\/wp-json\/wp\/v2\/types\/post"}],"author":[{"embeddable":true,"href":"http:\/\/lared.news\/index.php\/wp-json\/wp\/v2\/users\/2"}],"replies":[{"embeddable":true,"href":"http:\/\/lared.news\/index.php\/wp-json\/wp\/v2\/comments?post=3096"}],"version-history":[{"count":1,"href":"http:\/\/lared.news\/index.php\/wp-json\/wp\/v2\/posts\/3096\/revisions"}],"predecessor-version":[{"id":3098,"href":"http:\/\/lared.news\/index.php\/wp-json\/wp\/v2\/posts\/3096\/revisions\/3098"}],"wp:featuredmedia":[{"embeddable":true,"href":"http:\/\/lared.news\/index.php\/wp-json\/wp\/v2\/media\/3097"}],"wp:attachment":[{"href":"http:\/\/lared.news\/index.php\/wp-json\/wp\/v2\/media?parent=3096"}],"wp:term":[{"taxonomy":"category","embeddable":true,"href":"http:\/\/lared.news\/index.php\/wp-json\/wp\/v2\/categories?post=3096"},{"taxonomy":"post_tag","embeddable":true,"href":"http:\/\/lared.news\/index.php\/wp-json\/wp\/v2\/tags?post=3096"}],"curies":[{"name":"wp","href":"https:\/\/api.w.org\/{rel}","templated":true}]}}