{"id":3099,"date":"2026-04-25T08:53:53","date_gmt":"2026-04-25T14:53:53","guid":{"rendered":"http:\/\/lared.news\/?p=3099"},"modified":"2026-05-01T08:57:49","modified_gmt":"2026-05-01T14:57:49","slug":"ariadna-ayala-fortalece-paz-y-seguridad-en-atlixco-con-jornada-por-amor-a-puebla","status":"publish","type":"post","link":"http:\/\/lared.news\/index.php\/2026\/04\/25\/ariadna-ayala-fortalece-paz-y-seguridad-en-atlixco-con-jornada-por-amor-a-puebla\/","title":{"rendered":"Ariadna Ayala fortalece paz y seguridad en Atlixco con Jornada por Amor a Puebla"},"content":{"rendered":"<p>Atlixco, Puebla.- La presidenta de Atlixco, Ariadna Ayala, encabez\u00f3 la jornada \u201cPor Amor a Puebla\u201d, donde destac\u00f3 que la participaci\u00f3n de la ciudadan\u00eda es fundamental para construir la paz y fortalecer la seguridad en Atlixco y en Puebla.<\/p>\n<p>Ariadna Ayala agradeci\u00f3 el apoyo y respaldo de Abigail Melo Cruz, titular de la Unidad de Atenci\u00f3n Inmediata a las Mujeres (UDAIM), y de Modesto Miguel Cruz Garc\u00eda, titular del Consejo Estatal de Coordinaci\u00f3n del Sistema Nacional de Seguridad P\u00fablica, resaltando la importancia de la coordinaci\u00f3n entre los tres \u00f3rdenes de gobierno para fortalecer la paz.<\/p>\n<p>Con iniciativas como \u201cPatrullita Naranja\u201d, integrada por ni\u00f1as y ni\u00f1os, Ariadna Ayala destac\u00f3 que se fomenta la cultura de la prevenci\u00f3n desde temprana edad, al tiempo que reconoci\u00f3 el trabajo de los comit\u00e9s ciudadanos como pieza clave para mejorar la seguridad.<\/p>\n<p>Autoridades estatales coincidieron en que la prevenci\u00f3n y la participaci\u00f3n social, desde el hogar y la comunidad, son esenciales para lograr mejores resultados en materia de seguridad, que estas jornadas de acercamiento permiten la empat\u00eda entre los ciudadanos y la autoridad; as\u00ed mismo se piensa replicar el modelo de \u201cPatrullita Naranja en todo el Estado\u201d<\/p>\n","protected":false},"excerpt":{"rendered":"<p>Atlixco, Puebla.- La presidenta de Atlixco, Ariadna Ayala, encabez\u00f3 la jornada \u201cPor Amor a Puebla\u201d,<\/p>\n","protected":false},"author":2,"featured_media":3100,"comment_status":"open","ping_status":"open","sticky":false,"template":"","format":"standard","meta":{"footnotes":""},"categories":[5],"tags":[222,1563],"class_list":["post-3099","post","type-post","status-publish","format-standard","has-post-thumbnail","hentry","category-atlixco","tag-atlixco","tag-jornada-por-amor-a-puebla"],"jetpack_featured_media_url":"http:\/\/lared.news\/wp-content\/uploads\/2026\/05\/SSC14.jpeg","_links":{"self":[{"href":"http:\/\/lared.news\/index.php\/wp-json\/wp\/v2\/posts\/3099","targetHints":{"allow":["GET"]}}],"collection":[{"href":"http:\/\/lared.news\/index.php\/wp-json\/wp\/v2\/posts"}],"about":[{"href":"http:\/\/lared.news\/index.php\/wp-json\/wp\/v2\/types\/post"}],"author":[{"embeddable":true,"href":"http:\/\/lared.news\/index.php\/wp-json\/wp\/v2\/users\/2"}],"replies":[{"embeddable":true,"href":"http:\/\/lared.news\/index.php\/wp-json\/wp\/v2\/comments?post=3099"}],"version-history":[{"count":1,"href":"http:\/\/lared.news\/index.php\/wp-json\/wp\/v2\/posts\/3099\/revisions"}],"predecessor-version":[{"id":3101,"href":"http:\/\/lared.news\/index.php\/wp-json\/wp\/v2\/posts\/3099\/revisions\/3101"}],"wp:featuredmedia":[{"embeddable":true,"href":"http:\/\/lared.news\/index.php\/wp-json\/wp\/v2\/media\/3100"}],"wp:attachment":[{"href":"http:\/\/lared.news\/index.php\/wp-json\/wp\/v2\/media?parent=3099"}],"wp:term":[{"taxonomy":"category","embeddable":true,"href":"http:\/\/lared.news\/index.php\/wp-json\/wp\/v2\/categories?post=3099"},{"taxonomy":"post_tag","embeddable":true,"href":"http:\/\/lared.news\/index.php\/wp-json\/wp\/v2\/tags?post=3099"}],"curies":[{"name":"wp","href":"https:\/\/api.w.org\/{rel}","templated":true}]}}