{"id":860,"date":"2022-08-20T23:13:19","date_gmt":"2022-08-20T23:13:19","guid":{"rendered":"http:\/\/lared.news\/?p=860"},"modified":"2022-08-20T23:19:52","modified_gmt":"2022-08-20T23:19:52","slug":"edil-de-atzitzihuacan-inicia-obras-en-la-localidad-de-san-pedro-ixhuatepec","status":"publish","type":"post","link":"http:\/\/lared.news\/index.php\/2022\/08\/20\/edil-de-atzitzihuacan-inicia-obras-en-la-localidad-de-san-pedro-ixhuatepec\/","title":{"rendered":"Edil de Atzitzihuac\u00e1n inicia obras en la localidad de San Pedro Ixhuatepec"},"content":{"rendered":"<p>Atzitzihuac\u00e1n, Puebla.- El presidente Municipal C. Reyes Dom\u00ednguez Aldama acompa\u00f1ado por parte de su equipo de trabajo llevaron a cabo el banderazo de inicio de obra \u201cConstrucci\u00f3n de c\u00e1rcamo para protecci\u00f3n del pozo de agua potable y apertura de camino \u201d en la localidad de San Pedro Ixhuatepec, esto con la finalidad de cumplir con la calidad del agua para el consumo humano y un mejor camino a los ciudadanos que d\u00eda a d\u00eda transitan por dicho lugar.<\/p>\n<p><img loading=\"lazy\" decoding=\"async\" class=\"aligncenter\" src=\"https:\/\/scontent.fpbc2-4.fna.fbcdn.net\/v\/t39.30808-6\/297522100_406111478278776_1893535861897371807_n.jpg?_nc_cat=105&amp;ccb=1-7&amp;_nc_sid=8bfeb9&amp;_nc_ohc=wHmI0edo78UAX_MIsPs&amp;_nc_ht=scontent.fpbc2-4.fna&amp;oh=00_AT_yzeWCDMxDugwoXRLDVdPvLV8sKUIdDi_LF2aAuw40mA&amp;oe=6306F98C\" width=\"560\" height=\"373\" \/><\/p>\n","protected":false},"excerpt":{"rendered":"<p>Atzitzihuac\u00e1n, Puebla.- El presidente Municipal C. Reyes Dom\u00ednguez Aldama acompa\u00f1ado por parte de su equipo<\/p>\n","protected":false},"author":2,"featured_media":862,"comment_status":"open","ping_status":"open","sticky":false,"template":"","format":"standard","meta":{"footnotes":""},"categories":[13],"tags":[239,241,238,240],"class_list":["post-860","post","type-post","status-publish","format-standard","has-post-thumbnail","hentry","category-atzitzihuacan","tag-atzitzihuacan","tag-noticias-de-atzitzihuacan","tag-reyes-dominguez-aldama","tag-san-pedro-ixhuatepec"],"jetpack_featured_media_url":"http:\/\/lared.news\/wp-content\/uploads\/2022\/08\/San-Pedro-Ixhuatepec.jpg","_links":{"self":[{"href":"http:\/\/lared.news\/index.php\/wp-json\/wp\/v2\/posts\/860","targetHints":{"allow":["GET"]}}],"collection":[{"href":"http:\/\/lared.news\/index.php\/wp-json\/wp\/v2\/posts"}],"about":[{"href":"http:\/\/lared.news\/index.php\/wp-json\/wp\/v2\/types\/post"}],"author":[{"embeddable":true,"href":"http:\/\/lared.news\/index.php\/wp-json\/wp\/v2\/users\/2"}],"replies":[{"embeddable":true,"href":"http:\/\/lared.news\/index.php\/wp-json\/wp\/v2\/comments?post=860"}],"version-history":[{"count":6,"href":"http:\/\/lared.news\/index.php\/wp-json\/wp\/v2\/posts\/860\/revisions"}],"predecessor-version":[{"id":867,"href":"http:\/\/lared.news\/index.php\/wp-json\/wp\/v2\/posts\/860\/revisions\/867"}],"wp:featuredmedia":[{"embeddable":true,"href":"http:\/\/lared.news\/index.php\/wp-json\/wp\/v2\/media\/862"}],"wp:attachment":[{"href":"http:\/\/lared.news\/index.php\/wp-json\/wp\/v2\/media?parent=860"}],"wp:term":[{"taxonomy":"category","embeddable":true,"href":"http:\/\/lared.news\/index.php\/wp-json\/wp\/v2\/categories?post=860"},{"taxonomy":"post_tag","embeddable":true,"href":"http:\/\/lared.news\/index.php\/wp-json\/wp\/v2\/tags?post=860"}],"curies":[{"name":"wp","href":"https:\/\/api.w.org\/{rel}","templated":true}]}}