{"id":868,"date":"2022-08-20T23:33:08","date_gmt":"2022-08-20T23:33:08","guid":{"rendered":"http:\/\/lared.news\/?p=868"},"modified":"2022-08-20T23:37:03","modified_gmt":"2022-08-20T23:37:03","slug":"campana-de-esterilizacion-en-localidades-de-atzitzihuacan","status":"publish","type":"post","link":"http:\/\/lared.news\/index.php\/2022\/08\/20\/campana-de-esterilizacion-en-localidades-de-atzitzihuacan\/","title":{"rendered":"Campa\u00f1a de esterilizaci\u00f3n en localidades de Atzitzihuac\u00e1n"},"content":{"rendered":"<p>Atzitzihuac\u00e1n, Puebla. &#8211; Se continua con las jornadas de esterilizaci\u00f3n de perros y gatos, la mayor responsabilidad como due\u00f1os es llevar a esterilizar y darles una mejor vida a nuestras mascotas evitando la sobrepoblaci\u00f3n.<\/p>\n<p>Ya se ha llevado a cabo la campa\u00f1a en diferentes localidades de municipio, es por eso que debes estar al pendiente en las pr\u00f3ximas fechas para que puedas llevar a esterilizar a tu mascota.<\/p>\n<p><img loading=\"lazy\" decoding=\"async\" class=\"aligncenter\" src=\"https:\/\/scontent.fpbc2-2.fna.fbcdn.net\/v\/t39.30808-6\/300522347_416484660574791_5537283708624517005_n.jpg?_nc_cat=102&amp;ccb=1-7&amp;_nc_sid=8bfeb9&amp;_nc_ohc=bpKIhP8sbigAX9qyB7L&amp;_nc_ht=scontent.fpbc2-2.fna&amp;oh=00_AT-hhuWn2HRxciVN7AnQ20PllnD0qgVM93Nj-Gx86rsB7g&amp;oe=6305E7B7\" width=\"476\" height=\"317\" \/><\/p>\n<p><img loading=\"lazy\" decoding=\"async\" class=\"aligncenter\" src=\"https:\/\/scontent-qro1-1.xx.fbcdn.net\/v\/t39.30808-6\/300558524_416484710574786_215549648899034696_n.jpg?_nc_cat=109&amp;ccb=1-7&amp;_nc_sid=8bfeb9&amp;_nc_ohc=SjL1xklk9g8AX_pXYEJ&amp;tn=k2AyTdUle2Rm32yj&amp;_nc_ht=scontent-qro1-1.xx&amp;oh=00_AT8ELmzVlEJNgSMj8gb_uXajp1PsuubTvfJqQwlRAAkETA&amp;oe=6305C98F\" width=\"467\" height=\"311\" \/><\/p>\n","protected":false},"excerpt":{"rendered":"<p>Atzitzihuac\u00e1n, Puebla. &#8211; Se continua con las jornadas de esterilizaci\u00f3n de perros y gatos, la<\/p>\n","protected":false},"author":2,"featured_media":870,"comment_status":"open","ping_status":"open","sticky":false,"template":"","format":"standard","meta":{"footnotes":""},"categories":[13],"tags":[239,241],"class_list":["post-868","post","type-post","status-publish","format-standard","has-post-thumbnail","hentry","category-atzitzihuacan","tag-atzitzihuacan","tag-noticias-de-atzitzihuacan"],"jetpack_featured_media_url":"http:\/\/lared.news\/wp-content\/uploads\/2022\/08\/campana.jpg","_links":{"self":[{"href":"http:\/\/lared.news\/index.php\/wp-json\/wp\/v2\/posts\/868","targetHints":{"allow":["GET"]}}],"collection":[{"href":"http:\/\/lared.news\/index.php\/wp-json\/wp\/v2\/posts"}],"about":[{"href":"http:\/\/lared.news\/index.php\/wp-json\/wp\/v2\/types\/post"}],"author":[{"embeddable":true,"href":"http:\/\/lared.news\/index.php\/wp-json\/wp\/v2\/users\/2"}],"replies":[{"embeddable":true,"href":"http:\/\/lared.news\/index.php\/wp-json\/wp\/v2\/comments?post=868"}],"version-history":[{"count":4,"href":"http:\/\/lared.news\/index.php\/wp-json\/wp\/v2\/posts\/868\/revisions"}],"predecessor-version":[{"id":873,"href":"http:\/\/lared.news\/index.php\/wp-json\/wp\/v2\/posts\/868\/revisions\/873"}],"wp:featuredmedia":[{"embeddable":true,"href":"http:\/\/lared.news\/index.php\/wp-json\/wp\/v2\/media\/870"}],"wp:attachment":[{"href":"http:\/\/lared.news\/index.php\/wp-json\/wp\/v2\/media?parent=868"}],"wp:term":[{"taxonomy":"category","embeddable":true,"href":"http:\/\/lared.news\/index.php\/wp-json\/wp\/v2\/categories?post=868"},{"taxonomy":"post_tag","embeddable":true,"href":"http:\/\/lared.news\/index.php\/wp-json\/wp\/v2\/tags?post=868"}],"curies":[{"name":"wp","href":"https:\/\/api.w.org\/{rel}","templated":true}]}}