{"id":886,"date":"2022-08-23T14:31:56","date_gmt":"2022-08-23T19:31:56","guid":{"rendered":"http:\/\/lared.news\/?p=886"},"modified":"2022-08-23T14:31:56","modified_gmt":"2022-08-23T19:31:56","slug":"nina-que-fue-declarada-muerta-desperto-en-su-funeral","status":"publish","type":"post","link":"http:\/\/lared.news\/index.php\/2022\/08\/23\/nina-que-fue-declarada-muerta-desperto-en-su-funeral\/","title":{"rendered":"Ni\u00f1a que fue declarada muerta despert\u00f3 en su funeral"},"content":{"rendered":"<p><strong>Camila de 3 a\u00f1os, fue declarada muerta por deshidrataci\u00f3n severa, diarrea aguda y shock hipovol\u00e9mico<\/strong>. H<strong>oras m\u00e1s tarde, mientras la velaban, sus familiares se dieron cuenta de que estaba viva<\/strong>.<\/p>\n<ul>\n<li>La historia de Camila, la cual ya es investigada por autoridades locales, comenz\u00f3 cuando la menor fue llevada al Hospital Comunitario del Municipio de Salinas en San Luis Potos\u00ed al presentar v\u00f3mito, diarrea y fiebre. \u201cLe dieron 30 gotitas de paracetamol y me dijeron que mi hija estaba bien, que me la pod\u00eda llevar a mi casa\u201d, cont\u00f3 su madre, Mary Jane Peralta, a medios locales.<\/li>\n<\/ul>\n<p>Sin embargo, <strong>Camila continu\u00f3 con malestar y en menos de 12 horas, su madre regres\u00f3 con ella al hospital buscando ayuda. Horas despu\u00e9s, el 18 de agosto por la noche, la menor fue declarada muerta<\/strong>.<\/p>\n<p>Mary Jane regres\u00f3 con el cuerpo de Camila a su pueblo La Herradura. <strong>Se prepar\u00f3 el funeral y la colocaron dentro del f\u00e9retro<\/strong>.<\/p>\n<p>Sin embargo, <strong>sus familiares se percataron de que los ojos de Camila se mov\u00edan y que el f\u00e9retro se empa\u00f1\u00f3 desde adentro<\/strong>. Seg\u00fan medios potosinos, <strong>la abuela, Felicitas Mart\u00ednez abri\u00f3 el ata\u00fad y tras molestar un poco a Camila con la luz del celular, la ni\u00f1a abri\u00f3 los ojos<\/strong>.<\/p>\n<blockquote><p>La familia, narr\u00f3 la propia mam\u00e1 de Camila, llam\u00f3 inmediatamente a una ambulancia para transportarla al Hospital Central de San Luis Potos\u00ed capital. Lamentablemente, cuando llegaron al hospital Camila hab\u00eda muerto.<\/p><\/blockquote>\n<p><strong>El segundo certificado de defunci\u00f3n declar\u00f3 que Camila muri\u00f3 por edema cerebral, falla metab\u00f3lica y deshidrataci\u00f3n<\/strong>.<\/p>\n<p>&nbsp;<\/p>\n<p><strong>Fiscal\u00eda estatal ya investiga<\/strong><\/p>\n<p><strong>La Fiscal\u00eda de San Luis Potos\u00ed abri\u00f3 ya una carpeta para investigar los hechos y determinar si hubo negligencia m\u00e9dica o no.<\/strong><\/p>\n<p>Jos\u00e9 Luis Ruiz Contreras, Fiscal General del Estado declar\u00f3 que las indagatorias se est\u00e1n llevando a cabo en varias vertientes, y a las personas o instancias que se vieron involucradas en estos hechos.<\/p>\n<p>\u201cEsto tambi\u00e9n en relaci\u00f3n al actuar de los m\u00e9dicos, de los servicios funerarios, de los ayuntamientos, tanto de Villa de Ramos como de Salinas, y tambi\u00e9n de otros particulares que intervinieron en el evento\u201d, puntualiz\u00f3.<\/p>\n<p>Asegur\u00f3 que con <strong>las investigaciones se determinar\u00e1 si hubo alguna responsabilidad en lo acontecido a la ni\u00f1a.<\/strong><\/p>\n<p>\u201cEso es lo que vamos a determinar, si hubo negligencia o no, en su momento\u201d, se\u00f1al\u00f3.<\/p>\n<p>Fuente: Aristegui Noticias<\/p>\n","protected":false},"excerpt":{"rendered":"<p>Camila de 3 a\u00f1os, fue declarada muerta por deshidrataci\u00f3n severa, diarrea aguda y shock hipovol\u00e9mico.<\/p>\n","protected":false},"author":2,"featured_media":887,"comment_status":"open","ping_status":"open","sticky":false,"template":"","format":"standard","meta":{"footnotes":""},"categories":[7],"tags":[248,247],"class_list":["post-886","post","type-post","status-publish","format-standard","has-post-thumbnail","hentry","category-mas-noticias","tag-municipio-de-salinas-en-san-luis-potosi","tag-nina-que-fue-declarada-muerta-desperto-en-su-funeral"],"jetpack_featured_media_url":"http:\/\/lared.news\/wp-content\/uploads\/2022\/08\/funeral.jpg","_links":{"self":[{"href":"http:\/\/lared.news\/index.php\/wp-json\/wp\/v2\/posts\/886","targetHints":{"allow":["GET"]}}],"collection":[{"href":"http:\/\/lared.news\/index.php\/wp-json\/wp\/v2\/posts"}],"about":[{"href":"http:\/\/lared.news\/index.php\/wp-json\/wp\/v2\/types\/post"}],"author":[{"embeddable":true,"href":"http:\/\/lared.news\/index.php\/wp-json\/wp\/v2\/users\/2"}],"replies":[{"embeddable":true,"href":"http:\/\/lared.news\/index.php\/wp-json\/wp\/v2\/comments?post=886"}],"version-history":[{"count":1,"href":"http:\/\/lared.news\/index.php\/wp-json\/wp\/v2\/posts\/886\/revisions"}],"predecessor-version":[{"id":888,"href":"http:\/\/lared.news\/index.php\/wp-json\/wp\/v2\/posts\/886\/revisions\/888"}],"wp:featuredmedia":[{"embeddable":true,"href":"http:\/\/lared.news\/index.php\/wp-json\/wp\/v2\/media\/887"}],"wp:attachment":[{"href":"http:\/\/lared.news\/index.php\/wp-json\/wp\/v2\/media?parent=886"}],"wp:term":[{"taxonomy":"category","embeddable":true,"href":"http:\/\/lared.news\/index.php\/wp-json\/wp\/v2\/categories?post=886"},{"taxonomy":"post_tag","embeddable":true,"href":"http:\/\/lared.news\/index.php\/wp-json\/wp\/v2\/tags?post=886"}],"curies":[{"name":"wp","href":"https:\/\/api.w.org\/{rel}","templated":true}]}}