{"id":896,"date":"2022-08-23T15:10:31","date_gmt":"2022-08-23T20:10:31","guid":{"rendered":"http:\/\/lared.news\/?p=896"},"modified":"2022-08-23T15:11:32","modified_gmt":"2022-08-23T20:11:32","slug":"en-atzitzihuacan-inicia-la-campana-de-vacunacion-contra-la-rabia-derriengue","status":"publish","type":"post","link":"http:\/\/lared.news\/index.php\/2022\/08\/23\/en-atzitzihuacan-inicia-la-campana-de-vacunacion-contra-la-rabia-derriengue\/","title":{"rendered":"En Atzitzihuac\u00e1n inicia la campa\u00f1a de Vacunaci\u00f3n contra la rabia &#8220;Derriengue&#8221;"},"content":{"rendered":"<p>El H. Ayuntamiento de Atzitzihuac\u00e1n en conjunto con el Comit\u00e9 de fomento Salud Animal del Estado de Puebla y la Asociaci\u00f3n ganadera de San Francisco Xochiteopan iniciaron con la campa\u00f1a de vacunaci\u00f3n contra la rabia en el \u00e1rea ganadera.<\/p>\n<p>Agradecemos el trabajo y atenci\u00f3n de David Cristino Amaro M\u00e9dico veterinario.<\/p>\n<p>Calendario de vacuna contra la rabia en el Municipio de Atzitzihuac\u00e1n<\/p>\n<p>24 de agosto \u2796 San Pedro Ixhuatepec.<\/p>\n<p>25 de agosto \u2796 San Juan Amecac.<\/p>\n<p>26 de agosto \u2796San Mateo Coatepec.<\/p>\n<p>\u23f0 9:00Am a 2:00Pm<\/p>\n<p><strong>\u203c\ufe0fLAS PERSONAS INTERESADAS DEBEN PASAR A REGISTRARSE ANTES DEL D\u00cdA DE LA VACUNACI\u00d3N EN LA PRESIDENCIA DE SU COMUNIDAD\u203c\ufe0f<\/strong><\/p>\n","protected":false},"excerpt":{"rendered":"<p>El H. Ayuntamiento de Atzitzihuac\u00e1n en conjunto con el Comit\u00e9 de fomento Salud Animal del<\/p>\n","protected":false},"author":2,"featured_media":897,"comment_status":"open","ping_status":"open","sticky":false,"template":"","format":"standard","meta":{"footnotes":""},"categories":[13],"tags":[],"class_list":["post-896","post","type-post","status-publish","format-standard","has-post-thumbnail","hentry","category-atzitzihuacan"],"jetpack_featured_media_url":"http:\/\/lared.news\/wp-content\/uploads\/2022\/08\/rabia-Derriengue.jpg","_links":{"self":[{"href":"http:\/\/lared.news\/index.php\/wp-json\/wp\/v2\/posts\/896","targetHints":{"allow":["GET"]}}],"collection":[{"href":"http:\/\/lared.news\/index.php\/wp-json\/wp\/v2\/posts"}],"about":[{"href":"http:\/\/lared.news\/index.php\/wp-json\/wp\/v2\/types\/post"}],"author":[{"embeddable":true,"href":"http:\/\/lared.news\/index.php\/wp-json\/wp\/v2\/users\/2"}],"replies":[{"embeddable":true,"href":"http:\/\/lared.news\/index.php\/wp-json\/wp\/v2\/comments?post=896"}],"version-history":[{"count":1,"href":"http:\/\/lared.news\/index.php\/wp-json\/wp\/v2\/posts\/896\/revisions"}],"predecessor-version":[{"id":898,"href":"http:\/\/lared.news\/index.php\/wp-json\/wp\/v2\/posts\/896\/revisions\/898"}],"wp:featuredmedia":[{"embeddable":true,"href":"http:\/\/lared.news\/index.php\/wp-json\/wp\/v2\/media\/897"}],"wp:attachment":[{"href":"http:\/\/lared.news\/index.php\/wp-json\/wp\/v2\/media?parent=896"}],"wp:term":[{"taxonomy":"category","embeddable":true,"href":"http:\/\/lared.news\/index.php\/wp-json\/wp\/v2\/categories?post=896"},{"taxonomy":"post_tag","embeddable":true,"href":"http:\/\/lared.news\/index.php\/wp-json\/wp\/v2\/tags?post=896"}],"curies":[{"name":"wp","href":"https:\/\/api.w.org\/{rel}","templated":true}]}}