{"id":942,"date":"2022-08-24T12:25:10","date_gmt":"2022-08-24T17:25:10","guid":{"rendered":"http:\/\/lared.news\/?p=942"},"modified":"2022-08-24T12:25:10","modified_gmt":"2022-08-24T17:25:10","slug":"ariadna-ayala-esta-cumpliendo-con-comunidades-de-atlixco","status":"publish","type":"post","link":"http:\/\/lared.news\/index.php\/2022\/08\/24\/ariadna-ayala-esta-cumpliendo-con-comunidades-de-atlixco\/","title":{"rendered":"Ariadna Ayala est\u00e1 cumpliendo con comunidades de Atlixco"},"content":{"rendered":"<p>Atlixco, Puebla.- Cumpliendo con su misi\u00f3n de transformar Atlixco, en gira de trabajo por Santa Luc\u00eda Cosamaloapan, San Isidro Huilotepec y Nexatengo, la presidenta municipal de Atlixco, Ariadna Ayala, inici\u00f3 una <strong>ampliaci\u00f3n de drenaje sanitario e inaugur\u00f3 la rehabilitaci\u00f3n de pavimentaci\u00f3n y los trabajos de construcci\u00f3n de una barda perimetral en un preescolar, atendiendo el rezago y olvido que existi\u00f3 en estas comunidades<\/strong>.<\/p>\n<p><strong>En la junta auxiliar de Santa Luc\u00eda Cosamaloapan, la edil dio el banderazo de arranque a los trabajos de ampliaci\u00f3n de drenaje sanitario en la calle Independencia<\/strong>, obra que permitir\u00e1 mejorar la calidad de vida de los ciudadanos, con un servicio b\u00e1sico y que fortalece la salud p\u00fablica.<\/p>\n<p>M\u00e1s tarde, <strong>Ariadna Ayala visit\u00f3 la comunidad de San Isidro Huilotepec para inaugurar la rehabilitaci\u00f3n de pavimento con carpeta asf\u00e1ltica en avenida 16 de Septiembre<\/strong>, ah\u00ed, inform\u00f3 que <strong>se intervino mil 321 metros cuadrados de vialidad<\/strong>, misma que ahora cuenta con banquetas y se\u00f1alamiento vial para seguridad del peat\u00f3n.<\/p>\n<p>Finalmente, la presidenta municipal acudi\u00f3 al preescolar Jes\u00fas Ter\u00e1n <strong>en la colonia Emiliano Zapata Nexatengo para inaugurar la construcci\u00f3n de la barda perimetral de esta instituci\u00f3n<\/strong>, acci\u00f3n que reforzar\u00e1 la seguridad para la comunidad estudiantil, docentes, as\u00ed como el inmueble.<\/p>\n<p>En su paso por cada comunidad, la mun\u00edcipe afirm\u00f3 que continuar\u00e1 trabajando para abatir el rezago que existe en el municipio, atendiendo aquellas colonias que han sido olvidadas por muchos a\u00f1os, \u201ccuando tom\u00e9 este cargo, me compromet\u00ed a hacer justicia social por aquellos que no fueron escuchados; con su apoyo, seguiremos sirviendo para transformar y construir un Atlixco de paz y prosperidad\u201d, concluy\u00f3.<\/p>\n","protected":false},"excerpt":{"rendered":"<p>Atlixco, Puebla.- Cumpliendo con su misi\u00f3n de transformar Atlixco, en gira de trabajo por Santa<\/p>\n","protected":false},"author":2,"featured_media":943,"comment_status":"open","ping_status":"open","sticky":false,"template":"","format":"standard","meta":{"footnotes":""},"categories":[5],"tags":[251,222,223,224],"class_list":["post-942","post","type-post","status-publish","format-standard","has-post-thumbnail","hentry","category-atlixco","tag-ariadna-ayala","tag-atlixco","tag-atlixco-noticias","tag-noticias-de-atlixco"],"jetpack_featured_media_url":"http:\/\/lared.news\/wp-content\/uploads\/2022\/08\/obras.jpg","_links":{"self":[{"href":"http:\/\/lared.news\/index.php\/wp-json\/wp\/v2\/posts\/942","targetHints":{"allow":["GET"]}}],"collection":[{"href":"http:\/\/lared.news\/index.php\/wp-json\/wp\/v2\/posts"}],"about":[{"href":"http:\/\/lared.news\/index.php\/wp-json\/wp\/v2\/types\/post"}],"author":[{"embeddable":true,"href":"http:\/\/lared.news\/index.php\/wp-json\/wp\/v2\/users\/2"}],"replies":[{"embeddable":true,"href":"http:\/\/lared.news\/index.php\/wp-json\/wp\/v2\/comments?post=942"}],"version-history":[{"count":1,"href":"http:\/\/lared.news\/index.php\/wp-json\/wp\/v2\/posts\/942\/revisions"}],"predecessor-version":[{"id":944,"href":"http:\/\/lared.news\/index.php\/wp-json\/wp\/v2\/posts\/942\/revisions\/944"}],"wp:featuredmedia":[{"embeddable":true,"href":"http:\/\/lared.news\/index.php\/wp-json\/wp\/v2\/media\/943"}],"wp:attachment":[{"href":"http:\/\/lared.news\/index.php\/wp-json\/wp\/v2\/media?parent=942"}],"wp:term":[{"taxonomy":"category","embeddable":true,"href":"http:\/\/lared.news\/index.php\/wp-json\/wp\/v2\/categories?post=942"},{"taxonomy":"post_tag","embeddable":true,"href":"http:\/\/lared.news\/index.php\/wp-json\/wp\/v2\/tags?post=942"}],"curies":[{"name":"wp","href":"https:\/\/api.w.org\/{rel}","templated":true}]}}