{"id":958,"date":"2022-08-24T13:20:38","date_gmt":"2022-08-24T18:20:38","guid":{"rendered":"http:\/\/lared.news\/?p=958"},"modified":"2022-08-24T13:20:38","modified_gmt":"2022-08-24T18:20:38","slug":"acuerdan-distribuir-vacuna-contra-viruela-del-mono-en-america-latina","status":"publish","type":"post","link":"http:\/\/lared.news\/index.php\/2022\/08\/24\/acuerdan-distribuir-vacuna-contra-viruela-del-mono-en-america-latina\/","title":{"rendered":"Acuerdan distribuir vacuna contra viruela del mono en Am\u00e9rica Latina"},"content":{"rendered":"<p><strong>El laboratorio dan\u00e9s que produce la \u00fanica vacuna autorizada contra la viruela del mono anunci\u00f3 un acuerdo con la Organizaci\u00f3n Mundial de la Salud (OMS) para facilitar su distribuci\u00f3n en Am\u00e9rica Latina y el Caribe, por lo que se prev\u00e9 que empiece a distribuirse en septiembre<\/strong>.<\/p>\n<p>&#8220;Las entregas de vacunas empezar\u00e1n en septiembre&#8221; indica el laboratorio Bavarian Nordic.<\/p>\n<p>El acuerdo firmado con la Organizaci\u00f3n Panamericana de la Salud -OPS, oficina regional de la OMS para las Am\u00e9ricas- busca &#8220;facilitar un acceso equitativo a la vacuna de la empresa contra la viruela del mono en los pa\u00edses de Am\u00e9rica Latina y el Caribe&#8221; explica el laboratorio en un comunicado.<\/p>\n<blockquote><p>Limitada inicialmente a \u00c1frica central y occidental, la viruela del mono se ha propagado desde mayo a otras partes del mundo, es especial Europa y Estados Unidos, con un total de 40 mil casos registrado a fines de agosto.<\/p><\/blockquote>\n<p><strong>Las vacunas estar\u00e1n disponibles para aquellos pa\u00edses que participan en un mecanismo de cooperaci\u00f3n t\u00e9cnica de la OPS establecido hace m\u00e1s de 40 a\u00f1os para apoyar los programas nacionales de inmunizaci\u00f3n<\/strong>, reuniendo recursos de los pa\u00edses miembros de la organizaci\u00f3n participantes en las Am\u00e9ricas para adquirir vacunas y suministros relacionados.<\/p>\n<p>&#8220;Con el acuerdo, ahora hemos ayudado a asegurar el acceso a nuestra vacuna en m\u00e1s de 70 pa\u00edses en todo el mundo, lo que representa la gran mayor\u00eda de las regiones afectadas fuera de las \u00e1reas end\u00e9micas&#8221;, destac\u00f3 el laboratorio.<\/p>\n<p><strong>Vacuna Jynneos contra viruela del mono<\/strong><\/p>\n<p>Comercializada por Bavarian Nordic bajo el nombre de Jynneos en Am\u00e9rica del Norte y de Imvanex en Europa, <strong>se trata de una vacuna contra la viruela humana, enfermedad mortal erradicada en 1980, que es actualmente utilizada contra la viruela del mono<\/strong>.<\/p>\n<p><strong>El t\u00e9rmino de viruela del mono fue usado tras la detecci\u00f3n del virus en 1958 en monos de un laboratorio en Dinamarca<\/strong>, pero el virus tambi\u00e9n fue encontrado en otros animales, sobre todo en roedores.<\/p>\n<blockquote><p>La enfermedad fue detectada por primera vez en el ser humano en 1970 y es menos peligrosa y contagiosa que su prima la viruela.<\/p><\/blockquote>\n<p>El virus puede transmitirse de animal a hombre, pero la explosi\u00f3n reciente de casos se debe a la transmisi\u00f3n entre humanos por contactos estrechos.<\/p>\n<p>Fuente: Milenio<\/p>\n","protected":false},"excerpt":{"rendered":"<p>El laboratorio dan\u00e9s que produce la \u00fanica vacuna autorizada contra la viruela del mono anunci\u00f3<\/p>\n","protected":false},"author":2,"featured_media":959,"comment_status":"open","ping_status":"open","sticky":false,"template":"","format":"standard","meta":{"footnotes":""},"categories":[7],"tags":[257,256,254,255,258],"class_list":["post-958","post","type-post","status-publish","format-standard","has-post-thumbnail","hentry","category-mas-noticias","tag-america-latina","tag-organizacion-mundial-de-la-salud-oms","tag-vacuna-contra-viruela-del-mono","tag-viruela-del-mono","tag-viruela-del-mono-en-america-latina"],"jetpack_featured_media_url":"http:\/\/lared.news\/wp-content\/uploads\/2022\/08\/viruela-del-mono.jpg","_links":{"self":[{"href":"http:\/\/lared.news\/index.php\/wp-json\/wp\/v2\/posts\/958","targetHints":{"allow":["GET"]}}],"collection":[{"href":"http:\/\/lared.news\/index.php\/wp-json\/wp\/v2\/posts"}],"about":[{"href":"http:\/\/lared.news\/index.php\/wp-json\/wp\/v2\/types\/post"}],"author":[{"embeddable":true,"href":"http:\/\/lared.news\/index.php\/wp-json\/wp\/v2\/users\/2"}],"replies":[{"embeddable":true,"href":"http:\/\/lared.news\/index.php\/wp-json\/wp\/v2\/comments?post=958"}],"version-history":[{"count":1,"href":"http:\/\/lared.news\/index.php\/wp-json\/wp\/v2\/posts\/958\/revisions"}],"predecessor-version":[{"id":960,"href":"http:\/\/lared.news\/index.php\/wp-json\/wp\/v2\/posts\/958\/revisions\/960"}],"wp:featuredmedia":[{"embeddable":true,"href":"http:\/\/lared.news\/index.php\/wp-json\/wp\/v2\/media\/959"}],"wp:attachment":[{"href":"http:\/\/lared.news\/index.php\/wp-json\/wp\/v2\/media?parent=958"}],"wp:term":[{"taxonomy":"category","embeddable":true,"href":"http:\/\/lared.news\/index.php\/wp-json\/wp\/v2\/categories?post=958"},{"taxonomy":"post_tag","embeddable":true,"href":"http:\/\/lared.news\/index.php\/wp-json\/wp\/v2\/tags?post=958"}],"curies":[{"name":"wp","href":"https:\/\/api.w.org\/{rel}","templated":true}]}}