{"id":961,"date":"2022-08-26T15:03:29","date_gmt":"2022-08-26T20:03:29","guid":{"rendered":"http:\/\/lared.news\/?p=961"},"modified":"2022-08-26T15:04:34","modified_gmt":"2022-08-26T20:04:34","slug":"la-campana-campo-limpio-rebasa-la-meta-de-recoleccion-de-envases-de-agroquimicos-en-atlixco","status":"publish","type":"post","link":"http:\/\/lared.news\/index.php\/2022\/08\/26\/la-campana-campo-limpio-rebasa-la-meta-de-recoleccion-de-envases-de-agroquimicos-en-atlixco\/","title":{"rendered":"La campa\u00f1a &#8220;CAMPO LIMPIO&#8221; rebasa la meta de recolecci\u00f3n de envases de agroqu\u00edmicos en Atlixco"},"content":{"rendered":"<p>Atlixco, Puebla.- El Ayuntamiento de Atlixco que encabeza la presidenta, Ariadna Ayala, a trav\u00e9s de la Direcci\u00f3n de Desarrollo Econ\u00f3mico y Fomento al Sector Agropecuario en coordinaci\u00f3n con el Comit\u00e9 Estatal de Sanidad Vegetal (CESAVEP), llevaron a cabo el <strong>Marat\u00f3n Campo Limpio, el cual rebas\u00f3 la meta, al recolectar 1.5 toneladas de envases de agroqu\u00edmicos para prevenir la contaminaci\u00f3n del suelo, aire y mantos fre\u00e1ticos<\/strong>.<\/p>\n<blockquote><p>Para incentivar la participaci\u00f3n de los productores del municipio, a cambio de entregar los residuos, recibieron herramientas que les ayudar\u00e1 en el desarrollo de sus actividades, adem\u00e1s de tomar una capacitaci\u00f3n sobre inocuidad agr\u00edcola.<\/p><\/blockquote>\n<p><strong>Los agroqu\u00edmicos son sustancias nocivas y contaminantes para el ser humano, sus envases siempre guardan residuos que son peligrosos<\/strong>, por ello, tras su concentraci\u00f3n, <strong>ser\u00e1n trasladados al Centro de Acopio del CESAVEP para que a trav\u00e9s de una t\u00e9cnica de fundido sean eliminados por completo<\/strong>, con esta acci\u00f3n, <strong>se evita que al menos 10 mil envases lleguen a los campos, r\u00edos, caminos y barrancas, contaminando el ambiente de Atlixco<\/strong>.<\/p>\n","protected":false},"excerpt":{"rendered":"<p>Atlixco, Puebla.- El Ayuntamiento de Atlixco que encabeza la presidenta, Ariadna Ayala, a trav\u00e9s de<\/p>\n","protected":false},"author":2,"featured_media":962,"comment_status":"open","ping_status":"open","sticky":false,"template":"","format":"standard","meta":{"footnotes":""},"categories":[5],"tags":[222,223,224],"class_list":["post-961","post","type-post","status-publish","format-standard","has-post-thumbnail","hentry","category-atlixco","tag-atlixco","tag-atlixco-noticias","tag-noticias-de-atlixco"],"jetpack_featured_media_url":"http:\/\/lared.news\/wp-content\/uploads\/2022\/08\/CAMPO-LIMPIO.jpg","_links":{"self":[{"href":"http:\/\/lared.news\/index.php\/wp-json\/wp\/v2\/posts\/961","targetHints":{"allow":["GET"]}}],"collection":[{"href":"http:\/\/lared.news\/index.php\/wp-json\/wp\/v2\/posts"}],"about":[{"href":"http:\/\/lared.news\/index.php\/wp-json\/wp\/v2\/types\/post"}],"author":[{"embeddable":true,"href":"http:\/\/lared.news\/index.php\/wp-json\/wp\/v2\/users\/2"}],"replies":[{"embeddable":true,"href":"http:\/\/lared.news\/index.php\/wp-json\/wp\/v2\/comments?post=961"}],"version-history":[{"count":2,"href":"http:\/\/lared.news\/index.php\/wp-json\/wp\/v2\/posts\/961\/revisions"}],"predecessor-version":[{"id":964,"href":"http:\/\/lared.news\/index.php\/wp-json\/wp\/v2\/posts\/961\/revisions\/964"}],"wp:featuredmedia":[{"embeddable":true,"href":"http:\/\/lared.news\/index.php\/wp-json\/wp\/v2\/media\/962"}],"wp:attachment":[{"href":"http:\/\/lared.news\/index.php\/wp-json\/wp\/v2\/media?parent=961"}],"wp:term":[{"taxonomy":"category","embeddable":true,"href":"http:\/\/lared.news\/index.php\/wp-json\/wp\/v2\/categories?post=961"},{"taxonomy":"post_tag","embeddable":true,"href":"http:\/\/lared.news\/index.php\/wp-json\/wp\/v2\/tags?post=961"}],"curies":[{"name":"wp","href":"https:\/\/api.w.org\/{rel}","templated":true}]}}