{"id":968,"date":"2022-08-26T15:30:28","date_gmt":"2022-08-26T20:30:28","guid":{"rendered":"http:\/\/lared.news\/?p=968"},"modified":"2022-08-26T15:30:28","modified_gmt":"2022-08-26T20:30:28","slug":"la-seleccion-femenina-sub-20-jugara-la-final-del-mundial","status":"publish","type":"post","link":"http:\/\/lared.news\/index.php\/2022\/08\/26\/la-seleccion-femenina-sub-20-jugara-la-final-del-mundial\/","title":{"rendered":"La selecci\u00f3n femenina Sub-20 jugar\u00e1 la final del Mundial"},"content":{"rendered":"<p>La generaci\u00f3n de Patri Guijarro, Aitana Bonmat\u00ed, Laia Aleixandri o Luc\u00eda Garc\u00eda alcanz\u00f3 en 2018 la final de este campeonato, perdida entonces con Jap\u00f3n, y ahora las campeonas de Europa Sub-19 tendr\u00e1n la oportunidad de tomarse la revancha en Costa Rica, tambi\u00e9n ante las japonesas, que dejaron fuera a Brasil (2-1) para defender su t\u00edtulo.<\/p>\n<p>El equipo de Pedro L\u00f3pez se mantiene firme en su camino y lo hizo una vez m\u00e1s de la mano de su &#8216;9&#8217;, una Inma Gabarro que est\u00e1 siendo una de las grandes estrellas de este Mundial y que firm\u00f3 un doblete en apenas tres minutos para encarrilar el pase de las espa\u00f1olas a la final.<\/p>\n<p>La delantera del Sevilla ya suma siete goles en Costa Rica y, junto a Salma Paralluelo y Ansu Mart\u00ednez, fue una constante amenaza para la defensa del equipo neerland\u00e9s, que sufri\u00f3 mucho ante la agresividad y buen juego de su rival, muy superior en la primera parte, pero que no termin\u00f3 de sentenciar y no pudo relajarse hasta el final.<\/p>\n<p>Tras un serio aviso de los Pa\u00edses Bajos, Espa\u00f1a tom\u00f3 el mando definitivamente del choque y se adelant\u00f3 en el marcador. Despu\u00e9s de que Salma Paralluelo e Inma Gabarro desperdiciasen dos buenas ocasiones, la jugadora del Sevilla no perdon\u00f3 un grave error de la defensa rival, que le entreg\u00f3 la pelota en un mal despeje dentro de su propia \u00e1rea que le entreg\u00f3 la pelota a Ane Alexpuru que se la cedi\u00f3 a la &#8216;9&#8217; (minuto 22).<\/p>\n<p>La andaluza volver\u00eda a ser la protagonista tres minutos despu\u00e9s con el 2-0, un gol de mucha m\u00e1s dificultad y un tanto de bella factura tras recibir un bal\u00f3n de espaldas y girarse y golpearlo ante la at\u00f3nita mirada de Alkemade en lo que adem\u00e1s supuso el gol 1.000 de los Mundiales Sub-20.<\/p>\n<p>Pa\u00edses Bajos, que tuvo una buena ocasi\u00f3n para recortar distancias antes del descanso por medio de Rijsbergen, se meti\u00f3 de nuevo en el encuentro al inicio de la segunda parte, gracias a un afilado disparo desde fuera del \u00e1rea de Van Gool ante el que nada pudo hacer Txell Font y con el que puso fin a la imbatibilidad espa\u00f1ola en el torneo.<\/p>\n<p>El combinado neerland\u00e9s volvi\u00f3 a amenazar el empate con otro disparo lejano que pas\u00f3 rozando el palo de la porter\u00eda del equipo de Pedro L\u00f3pez, que no acert\u00f3 a sentenciar con otra buena ocasi\u00f3n de Salma Paralluelo, pero s\u00ed supo aguantar su ventaja sin m\u00e1s sustos para ganarse el premio para la final del domingo.<\/p>\n<p>Fuente: Publimetro<\/p>\n","protected":false},"excerpt":{"rendered":"<p>La generaci\u00f3n de Patri Guijarro, Aitana Bonmat\u00ed, Laia Aleixandri o Luc\u00eda Garc\u00eda alcanz\u00f3 en 2018<\/p>\n","protected":false},"author":2,"featured_media":969,"comment_status":"open","ping_status":"open","sticky":false,"template":"","format":"standard","meta":{"footnotes":""},"categories":[11],"tags":[261],"class_list":["post-968","post","type-post","status-publish","format-standard","has-post-thumbnail","hentry","category-deportes","tag-seleccion-femenina-sub-20"],"jetpack_featured_media_url":"http:\/\/lared.news\/wp-content\/uploads\/2022\/08\/eleccion-femenina-Sub-20.jpg","_links":{"self":[{"href":"http:\/\/lared.news\/index.php\/wp-json\/wp\/v2\/posts\/968","targetHints":{"allow":["GET"]}}],"collection":[{"href":"http:\/\/lared.news\/index.php\/wp-json\/wp\/v2\/posts"}],"about":[{"href":"http:\/\/lared.news\/index.php\/wp-json\/wp\/v2\/types\/post"}],"author":[{"embeddable":true,"href":"http:\/\/lared.news\/index.php\/wp-json\/wp\/v2\/users\/2"}],"replies":[{"embeddable":true,"href":"http:\/\/lared.news\/index.php\/wp-json\/wp\/v2\/comments?post=968"}],"version-history":[{"count":1,"href":"http:\/\/lared.news\/index.php\/wp-json\/wp\/v2\/posts\/968\/revisions"}],"predecessor-version":[{"id":970,"href":"http:\/\/lared.news\/index.php\/wp-json\/wp\/v2\/posts\/968\/revisions\/970"}],"wp:featuredmedia":[{"embeddable":true,"href":"http:\/\/lared.news\/index.php\/wp-json\/wp\/v2\/media\/969"}],"wp:attachment":[{"href":"http:\/\/lared.news\/index.php\/wp-json\/wp\/v2\/media?parent=968"}],"wp:term":[{"taxonomy":"category","embeddable":true,"href":"http:\/\/lared.news\/index.php\/wp-json\/wp\/v2\/categories?post=968"},{"taxonomy":"post_tag","embeddable":true,"href":"http:\/\/lared.news\/index.php\/wp-json\/wp\/v2\/tags?post=968"}],"curies":[{"name":"wp","href":"https:\/\/api.w.org\/{rel}","templated":true}]}}