{"id":1082,"count":1,"description":"","link":"http:\/\/lared.news\/index.php\/tag\/la-era-de-andres-guardado-en-la-seleccion-mexicana-llego-a-su-fin\/","name":"La era de Andr\u00e9s Guardado en la Selecci\u00f3n Mexicana lleg\u00f3 a su fin","slug":"la-era-de-andres-guardado-en-la-seleccion-mexicana-llego-a-su-fin","taxonomy":"post_tag","meta":[],"_links":{"self":[{"href":"http:\/\/lared.news\/index.php\/wp-json\/wp\/v2\/tags\/1082","targetHints":{"allow":["GET"]}}],"collection":[{"href":"http:\/\/lared.news\/index.php\/wp-json\/wp\/v2\/tags"}],"about":[{"href":"http:\/\/lared.news\/index.php\/wp-json\/wp\/v2\/taxonomies\/post_tag"}],"wp:post_type":[{"href":"http:\/\/lared.news\/index.php\/wp-json\/wp\/v2\/posts?tags=1082"}],"curies":[{"name":"wp","href":"https:\/\/api.w.org\/{rel}","templated":true}]}}